{"id":553130,"date":"2025-11-23T10:02:21","date_gmt":"2025-11-23T10:02:21","guid":{"rendered":"https:\/\/www.europesays.com\/fr\/553130\/"},"modified":"2025-11-23T10:02:21","modified_gmt":"2025-11-23T10:02:21","slug":"dire-non-a-la-cigarette-est-le-vrai-courage-cette-ville-pres-de-rennes-cree-deux-lieux-2","status":"publish","type":"post","link":"https:\/\/www.europesays.com\/fr\/553130\/","title":{"rendered":"\u00ab Dire non \u00e0 la cigarette est le vrai courage \u00bb : cette ville pr\u00e8s de Rennes cr\u00e9e deux lieux"},"content":{"rendered":"<p>Depuis le 1er\u00a0juillet 2025, plages, parcs et jardins publics, abords des \u00e9coles, abris de bus, \u00e9quipements sportifs sont des espaces sans tabac.<\/p>\n<p>Dans le cadre de ce dispositif, la commune<a href=\"https:\/\/rennes.maville.com\/bretagne\/ille-et-vilaine\/vezin-le-coquet\/\" target=\"_self\" rel=\"noopener\"> de Vezin-le-Coquet (Ille-et-Vilaine)<\/a> poursuit l\u2019identification de ces espaces pour appuyer cette d\u00e9marche en faveur de la sant\u00e9 publique et de la protection de l\u2019environnement. Ainsi deux nouveaux espaces ont \u00e9t\u00e9 \u00e9quip\u00e9s de panneaux Espace sans tabac\u00a0: l\u2019entr\u00e9e de l\u2019\u00e9cole primaire priv\u00e9e Notre-Dame et le city-stade du quartier des Champs Bleus.<\/p>\n<p>Jeudi 20\u00a0novembre 2025, Aur\u00e9lie Quemener, adjointe en charge du d\u00e9veloppement solidaire et durable, accompagn\u00e9e des \u00e9lus du conseil municipal des enfants, a d\u00e9voil\u00e9 la plaque pos\u00e9e pr\u00e8s de l\u2019\u00e9cole Notre-Dame.<\/p>\n<p>L\u2019\u00e9volution du regard de la soci\u00e9t\u00e9 sur le tabac<\/p>\n<p>Elle a soulign\u00e9 l\u2019\u00e9volution du regard de la soci\u00e9t\u00e9 sur la consommation de tabac dans l\u2019espace publique en rappelant la p\u00e9riode o\u00f9 il \u00e9tait autoris\u00e9 \u00e0 fumer au restaurant et au travail et qu\u2019aujourd\u2019hui un dispositif g\u00e8re l\u2019espace public pour prot\u00e9ger les enfants du tabagisme passif et pr\u00e9server l\u2019environnement des m\u00e9gots.<\/p>\n<p>Ensuite, Tristan, \u00e9lu du conseil municipal des enfants a lu un texte pour d\u00e9noncer les m\u00e9faits du tabac sur le corps et pour l\u2019environnement pour conclure que \u00a0le vrai courage, c\u2019est de dire non \u00e0 la cigarette\u00a0! C\u2019est aussi prot\u00e9ger ceux qu\u2019on aime.\u00a0<\/p>\n<p>Ces deux\u00a0espaces s\u2019ajoutent aux trois\u00a0espaces sans tabac inaugur\u00e9s en octobre\u00a02024 dans le cadre d\u2019une convention avec la Ligne contre le cancer\u00a0: le parvis de l\u2019\u00e9cole Tabarly, devant l\u2019escale jeune pr\u00e8s de l\u2019\u00e9glise et les abords du terrain de basket ext\u00e9rieur et du skatepark du complexe sportif.<\/p>\n<p>\u00a0<\/p>\n","protected":false},"excerpt":{"rendered":"Depuis le 1er\u00a0juillet 2025, plages, parcs et jardins publics, abords des \u00e9coles, abris de bus, \u00e9quipements sportifs sont&hellip;\n","protected":false},"author":2,"featured_media":553015,"comment_status":"","ping_status":"","sticky":false,"template":"","format":"standard","meta":{"footnotes":""},"categories":[2821],"tags":[1111,11,829,6583,12727,11803,23237,1777,674,1011,27,11648,9692,12,2828,3762,3086,584,25,6582,4824,17151],"class_list":{"0":"post-553130","1":"post","2":"type-post","3":"status-publish","4":"format-standard","5":"has-post-thumbnail","7":"category-rennes","8":"tag-actu","9":"tag-actualites","10":"tag-bretagne","11":"tag-cigarette","12":"tag-courage","13":"tag-cree","14":"tag-dire","15":"tag-eu","16":"tag-europe","17":"tag-fr","18":"tag-france","19":"tag-interdit","20":"tag-lieux","21":"tag-news","22":"tag-non","23":"tag-pres","24":"tag-redon","25":"tag-rennes","26":"tag-republique-francaise","27":"tag-tabac","28":"tag-ville","29":"tag-vrai"},"share_on_mastodon":{"url":"https:\/\/pubeurope.com\/@fr\/115598442150104049","error":""},"_links":{"self":[{"href":"https:\/\/www.europesays.com\/fr\/wp-json\/wp\/v2\/posts\/553130","targetHints":{"allow":["GET"]}}],"collection":[{"href":"https:\/\/www.europesays.com\/fr\/wp-json\/wp\/v2\/posts"}],"about":[{"href":"https:\/\/www.europesays.com\/fr\/wp-json\/wp\/v2\/types\/post"}],"author":[{"embeddable":true,"href":"https:\/\/www.europesays.com\/fr\/wp-json\/wp\/v2\/users\/2"}],"replies":[{"embeddable":true,"href":"https:\/\/www.europesays.com\/fr\/wp-json\/wp\/v2\/comments?post=553130"}],"version-history":[{"count":0,"href":"https:\/\/www.europesays.com\/fr\/wp-json\/wp\/v2\/posts\/553130\/revisions"}],"wp:featuredmedia":[{"embeddable":true,"href":"https:\/\/www.europesays.com\/fr\/wp-json\/wp\/v2\/media\/553015"}],"wp:attachment":[{"href":"https:\/\/www.europesays.com\/fr\/wp-json\/wp\/v2\/media?parent=553130"}],"wp:term":[{"taxonomy":"category","embeddable":true,"href":"https:\/\/www.europesays.com\/fr\/wp-json\/wp\/v2\/categories?post=553130"},{"taxonomy":"post_tag","embeddable":true,"href":"https:\/\/www.europesays.com\/fr\/wp-json\/wp\/v2\/tags?post=553130"}],"curies":[{"name":"wp","href":"https:\/\/api.w.org\/{rel}","templated":true}]}}