{"id":553132,"date":"2025-11-23T10:04:15","date_gmt":"2025-11-23T10:04:15","guid":{"rendered":"https:\/\/www.europesays.com\/fr\/553132\/"},"modified":"2025-11-23T10:04:15","modified_gmt":"2025-11-23T10:04:15","slug":"illkirch-neuhof-pourquoi-des-totems-sont-installes-pour-marquer-les-entrees-de-la-reserve-naturelle","status":"publish","type":"post","link":"https:\/\/www.europesays.com\/fr\/553132\/","title":{"rendered":"Illkirch-Neuhof. Pourquoi des totems sont install\u00e9s pour marquer les entr\u00e9es de la r\u00e9serve naturelle"},"content":{"rendered":"<p>S\u2019ils sont d\u00e9di\u00e9s \u00e0 un rituel, c\u2019est \u00e0 celui de la promenade et secondairement au repos\u00a0: les totems dispos\u00e9s en vague \u00e0 l\u2019entr\u00e9e centrale de la r\u00e9serve naturelle marquent pour les visiteurs l\u2019arriv\u00e9e dans un massif prot\u00e9g\u00e9, tandis que pour certains les rondins coup\u00e9s offrent une assise pour lacer ses chaussures et faire une pause. \u00ab\u00a0Par la suite, nous allons installer, au m\u00eame endroit, des plans, cartes et informations g\u00e9n\u00e9rales sur la r\u00e9serve, notamment la charte du visiteur \u2013 qui invite \u00e0 rester sur les sentiers, tenir les chiens en laisse, ne pas faire de cueillette\u2026\u00a0\u00bb, pr\u00e9cise Marc Hoffsess, adjoint \u00e0 la maire de&#8230;<\/p>\n","protected":false},"excerpt":{"rendered":"S\u2019ils sont d\u00e9di\u00e9s \u00e0 un rituel, c\u2019est \u00e0 celui de la promenade et secondairement au repos\u00a0: les totems&hellip;\n","protected":false},"author":2,"featured_media":553133,"comment_status":"","ping_status":"","sticky":false,"template":"","format":"standard","meta":{"footnotes":""},"categories":[2820],"tags":[1111,11,2880,436,1777,674,107,1011,27,775,12,25,104,640,2879],"class_list":{"0":"post-553132","1":"post","2":"type-post","3":"status-publish","4":"format-standard","5":"has-post-thumbnail","7":"category-strasbourg","8":"tag-actu","9":"tag-actualites","10":"tag-edition-strasbourg","11":"tag-environnement","12":"tag-eu","13":"tag-europe","14":"tag-fil-info","15":"tag-fr","16":"tag-france","17":"tag-grand-est","18":"tag-news","19":"tag-republique-francaise","20":"tag-societe","21":"tag-strasbourg","22":"tag-strasbourg-ville"},"share_on_mastodon":{"url":"https:\/\/pubeurope.com\/@fr\/115598450031132527","error":""},"_links":{"self":[{"href":"https:\/\/www.europesays.com\/fr\/wp-json\/wp\/v2\/posts\/553132","targetHints":{"allow":["GET"]}}],"collection":[{"href":"https:\/\/www.europesays.com\/fr\/wp-json\/wp\/v2\/posts"}],"about":[{"href":"https:\/\/www.europesays.com\/fr\/wp-json\/wp\/v2\/types\/post"}],"author":[{"embeddable":true,"href":"https:\/\/www.europesays.com\/fr\/wp-json\/wp\/v2\/users\/2"}],"replies":[{"embeddable":true,"href":"https:\/\/www.europesays.com\/fr\/wp-json\/wp\/v2\/comments?post=553132"}],"version-history":[{"count":0,"href":"https:\/\/www.europesays.com\/fr\/wp-json\/wp\/v2\/posts\/553132\/revisions"}],"wp:featuredmedia":[{"embeddable":true,"href":"https:\/\/www.europesays.com\/fr\/wp-json\/wp\/v2\/media\/553133"}],"wp:attachment":[{"href":"https:\/\/www.europesays.com\/fr\/wp-json\/wp\/v2\/media?parent=553132"}],"wp:term":[{"taxonomy":"category","embeddable":true,"href":"https:\/\/www.europesays.com\/fr\/wp-json\/wp\/v2\/categories?post=553132"},{"taxonomy":"post_tag","embeddable":true,"href":"https:\/\/www.europesays.com\/fr\/wp-json\/wp\/v2\/tags?post=553132"}],"curies":[{"name":"wp","href":"https:\/\/api.w.org\/{rel}","templated":true}]}}