{"id":553134,"date":"2025-11-23T10:05:23","date_gmt":"2025-11-23T10:05:23","guid":{"rendered":"https:\/\/www.europesays.com\/fr\/553134\/"},"modified":"2025-11-23T10:05:23","modified_gmt":"2025-11-23T10:05:23","slug":"ligue-1-a-lens-penders-multiplie-les-exploits-pour-le-racing-club-de-strasbourg-mais-risser-sort-gagnant","status":"publish","type":"post","link":"https:\/\/www.europesays.com\/fr\/553134\/","title":{"rendered":"Ligue 1. \u00c0 Lens, Penders multiplie les exploits pour le Racing club de Strasbourg, mais Risser sort gagnant"},"content":{"rendered":"<p>Il aurait certainement m\u00e9rit\u00e9 d\u2019\u00eatre le h\u00e9ros du jour. Longtemps, Mike Penders (20 ans) a maintenu son \u00e9quipe \u00e0 flot, d\u00e9courageant les attaquants lensois lanc\u00e9s sur son but.<\/p>\n<p>S\u2019il a failli \u00eatre cueilli \u00e0 froid par Florian Thauvin qui a eu la bonne id\u00e9e de trop croiser sa frappe (1re), le grand Flamand se chauffe les gants sur un premier tir cadr\u00e9 d\u2019Odsonne \u00c9douard (5e) et se montre pr\u00e9cis dans son jeu au pied.<\/p>\n<p>Mais c\u2019est en fin de premi\u00e8re mi-temps&#8230;<\/p>\n","protected":false},"excerpt":{"rendered":"Il aurait certainement m\u00e9rit\u00e9 d\u2019\u00eatre le h\u00e9ros du jour. Longtemps, Mike Penders (20 ans) a maintenu son \u00e9quipe&hellip;\n","protected":false},"author":2,"featured_media":553135,"comment_status":"","ping_status":"","sticky":false,"template":"","format":"standard","meta":{"footnotes":""},"categories":[2820],"tags":[1111,11,2649,2880,1777,674,63,1011,27,329,775,12,41281,25,517,640],"class_list":{"0":"post-553134","1":"post","2":"type-post","3":"status-publish","4":"format-standard","5":"has-post-thumbnail","7":"category-strasbourg","8":"tag-actu","9":"tag-actualites","10":"tag-bas-rhin","11":"tag-edition-strasbourg","12":"tag-eu","13":"tag-europe","14":"tag-football","15":"tag-fr","16":"tag-france","17":"tag-france-monde","18":"tag-grand-est","19":"tag-news","20":"tag-racing-club-strasbourg-masculin","21":"tag-republique-francaise","22":"tag-sport","23":"tag-strasbourg"},"share_on_mastodon":{"url":"https:\/\/pubeurope.com\/@fr\/115598453871079851","error":""},"_links":{"self":[{"href":"https:\/\/www.europesays.com\/fr\/wp-json\/wp\/v2\/posts\/553134","targetHints":{"allow":["GET"]}}],"collection":[{"href":"https:\/\/www.europesays.com\/fr\/wp-json\/wp\/v2\/posts"}],"about":[{"href":"https:\/\/www.europesays.com\/fr\/wp-json\/wp\/v2\/types\/post"}],"author":[{"embeddable":true,"href":"https:\/\/www.europesays.com\/fr\/wp-json\/wp\/v2\/users\/2"}],"replies":[{"embeddable":true,"href":"https:\/\/www.europesays.com\/fr\/wp-json\/wp\/v2\/comments?post=553134"}],"version-history":[{"count":0,"href":"https:\/\/www.europesays.com\/fr\/wp-json\/wp\/v2\/posts\/553134\/revisions"}],"wp:featuredmedia":[{"embeddable":true,"href":"https:\/\/www.europesays.com\/fr\/wp-json\/wp\/v2\/media\/553135"}],"wp:attachment":[{"href":"https:\/\/www.europesays.com\/fr\/wp-json\/wp\/v2\/media?parent=553134"}],"wp:term":[{"taxonomy":"category","embeddable":true,"href":"https:\/\/www.europesays.com\/fr\/wp-json\/wp\/v2\/categories?post=553134"},{"taxonomy":"post_tag","embeddable":true,"href":"https:\/\/www.europesays.com\/fr\/wp-json\/wp\/v2\/tags?post=553134"}],"curies":[{"name":"wp","href":"https:\/\/api.w.org\/{rel}","templated":true}]}}