{"id":553142,"date":"2025-11-23T10:09:34","date_gmt":"2025-11-23T10:09:34","guid":{"rendered":"https:\/\/www.europesays.com\/fr\/553142\/"},"modified":"2025-11-23T10:09:34","modified_gmt":"2025-11-23T10:09:34","slug":"en-images-le-voyage-en-hiver-illumine-nantes-de-toutes-les-couleurs","status":"publish","type":"post","link":"https:\/\/www.europesays.com\/fr\/553142\/","title":{"rendered":"EN IMAGES. Le Voyage en hiver illumine Nantes de toutes les couleurs"},"content":{"rendered":"<p>Le <a href=\"https:\/\/nantes.maville.com\/info\/info-locale\/voyage-nantes\/\" target=\"_self\" rel=\"noopener\">Voyage en hiver<\/a> a \u00e9t\u00e9 inaugur\u00e9 samedi 22\u00a0novembre, \u00e0 Nantes. Un parcours artistique intitul\u00e9 \u00ab\u00a0La nuit je vois\u00a0\u00bb, avec des illuminations et des d\u00e9cors, sign\u00e9s Vincent Olinet.<\/p>\n<p>\t<img decoding=\"async\" src=\"https:\/\/www.europesays.com\/fr\/wp-content\/uploads\/2025\/11\/P35597124D7076394G_px_640_.jpg\" alt=\"photo les fa\u00e7ades d\u2019un immeuble du voyage en hiver.  \u00a9  ouest-france\" width=\"640\" title=\" Les fa\u00e7ades d\u2019un immeuble du Voyage en hiver.   Ouest-France \"\/><\/p>\n<p class=\"elmt-legende\"> Les fa\u00e7ades d\u2019un immeuble du Voyage en hiver.   Ouest-France <\/p>\n<p>\t<img decoding=\"async\" src=\"https:\/\/www.europesays.com\/fr\/wp-content\/uploads\/2025\/11\/P35597125D7076394G_px_640_.jpg\" alt=\"photo la place royale \u00e0 nantes.  \u00a9  ouest-france\" width=\"640\" title=\" La place Royale \u00e0 Nantes.   Ouest-France \"\/><\/p>\n<p class=\"elmt-legende\"> La place Royale \u00e0 Nantes.   Ouest-France <\/p>\n<p>\t<img decoding=\"async\" src=\"https:\/\/www.europesays.com\/fr\/wp-content\/uploads\/2025\/11\/P35597126D7076394G_px_640_.jpg\" alt=\"photo le cerf du voyage en hiver surplombe le march\u00e9 de no\u00ebl place royale, \u00e0 nantes.  \u00a9  ouest-france\" width=\"640\" title=\" Le cerf du Voyage en hiver surplombe le march\u00e9 de No\u00ebl place Royale, \u00e0 Nantes.   Ouest-France \"\/><\/p>\n<p class=\"elmt-legende\"> Le cerf du Voyage en hiver surplombe le march\u00e9 de No\u00ebl place Royale, \u00e0 Nantes.   Ouest-France <\/p>\n<p>\t<img decoding=\"async\" src=\"https:\/\/www.europesays.com\/fr\/wp-content\/uploads\/2025\/11\/P35597127D7076394G_px_640_.jpg\" alt=\"photo les illuminations rue de la paix, \u00e0 nantes.  \u00a9  ouest-france\" width=\"640\" title=\" Les illuminations rue de la Paix, \u00e0 Nantes.   Ouest-France \"\/><\/p>\n<p class=\"elmt-legende\"> Les illuminations rue de la Paix, \u00e0 Nantes.   Ouest-France <\/p>\n<p>\t<img decoding=\"async\" src=\"https:\/\/www.europesays.com\/fr\/wp-content\/uploads\/2025\/11\/P35597128D7076394G_px_640_.jpg\" alt=\"photo le voyage en hiver du c\u00f4t\u00e9 de la rue des carmes, \u00e0 nantes.  \u00a9  ouest-france\" width=\"640\" title=\" Le Voyage en hiver du c\u00f4t\u00e9 de la rue des Carmes, \u00e0 Nantes.   Ouest-France \"\/><\/p>\n<p class=\"elmt-legende\"> Le Voyage en hiver du c\u00f4t\u00e9 de la rue des Carmes, \u00e0 Nantes.   Ouest-France <\/p>\n<p>\u00c0 voir dans les rues de Nantes jusqu\u2019au 4\u00a0janvier.<\/p>\n<p>\u00a0<\/p>\n","protected":false},"excerpt":{"rendered":"Le Voyage en hiver a \u00e9t\u00e9 inaugur\u00e9 samedi 22\u00a0novembre, \u00e0 Nantes. Un parcours artistique intitul\u00e9 \u00ab\u00a0La nuit je&hellip;\n","protected":false},"author":2,"featured_media":553143,"comment_status":"","ping_status":"","sticky":false,"template":"","format":"standard","meta":{"footnotes":""},"categories":[2818],"tags":[1111,11,18493,1777,674,1011,27,6736,67024,4430,766,12,2636,25,586],"class_list":{"0":"post-553142","1":"post","2":"type-post","3":"status-publish","4":"format-standard","5":"has-post-thumbnail","7":"category-nantes","8":"tag-actu","9":"tag-actualites","10":"tag-couleurs","11":"tag-eu","12":"tag-europe","13":"tag-fr","14":"tag-france","15":"tag-hiver","16":"tag-illumine","17":"tag-images","18":"tag-nantes","19":"tag-news","20":"tag-pays-de-la-loire","21":"tag-republique-francaise","22":"tag-voyage"},"share_on_mastodon":{"url":"https:\/\/pubeurope.com\/@fr\/115598470748045978","error":""},"_links":{"self":[{"href":"https:\/\/www.europesays.com\/fr\/wp-json\/wp\/v2\/posts\/553142","targetHints":{"allow":["GET"]}}],"collection":[{"href":"https:\/\/www.europesays.com\/fr\/wp-json\/wp\/v2\/posts"}],"about":[{"href":"https:\/\/www.europesays.com\/fr\/wp-json\/wp\/v2\/types\/post"}],"author":[{"embeddable":true,"href":"https:\/\/www.europesays.com\/fr\/wp-json\/wp\/v2\/users\/2"}],"replies":[{"embeddable":true,"href":"https:\/\/www.europesays.com\/fr\/wp-json\/wp\/v2\/comments?post=553142"}],"version-history":[{"count":0,"href":"https:\/\/www.europesays.com\/fr\/wp-json\/wp\/v2\/posts\/553142\/revisions"}],"wp:featuredmedia":[{"embeddable":true,"href":"https:\/\/www.europesays.com\/fr\/wp-json\/wp\/v2\/media\/553143"}],"wp:attachment":[{"href":"https:\/\/www.europesays.com\/fr\/wp-json\/wp\/v2\/media?parent=553142"}],"wp:term":[{"taxonomy":"category","embeddable":true,"href":"https:\/\/www.europesays.com\/fr\/wp-json\/wp\/v2\/categories?post=553142"},{"taxonomy":"post_tag","embeddable":true,"href":"https:\/\/www.europesays.com\/fr\/wp-json\/wp\/v2\/tags?post=553142"}],"curies":[{"name":"wp","href":"https:\/\/api.w.org\/{rel}","templated":true}]}}