{"id":553144,"date":"2025-11-23T10:10:26","date_gmt":"2025-11-23T10:10:26","guid":{"rendered":"https:\/\/www.europesays.com\/fr\/553144\/"},"modified":"2025-11-23T10:10:26","modified_gmt":"2025-11-23T10:10:26","slug":"hoshi-gagnez-vos-places-pour-son-concert-deja-complet-au-pin-galant-a-merignac","status":"publish","type":"post","link":"https:\/\/www.europesays.com\/fr\/553144\/","title":{"rendered":"Hoshi : gagnez vos places pour son concert d\u00e9j\u00e0 complet au Pin Galant \u00e0 M\u00e9rignac"},"content":{"rendered":"\n<p class=\"p1\">\u2764\ufe0f Cette semaine sur\u00a0<strong>Wit FM<\/strong>, gagnez vos places pour <a href=\"https:\/\/www.lepingalant.com\/\" rel=\"noopener\" target=\"_blank\"><strong>le concert d&rsquo;Hoshi, d\u00e9j\u00e0 complet, au Pin Galant, le 2 d\u00e9cembre !<\/strong><\/a><\/p>\n<p class=\"p1\"><strong>En 2025, Hoshi d\u00e9voile sa tourn\u00e9e Unplugged.<\/strong><\/p>\n<p class=\"p2\">Elle revisite ses titres en acoustique, dans une atmosph\u00e8re intime et \u00e9motive, entour\u00e9e de ses musiciens. Un moment sinc\u00e8re et \u00e9pur\u00e9 \u00e0 d\u00e9couvrir absolument.<\/p>\n<p class=\"p1\">____________<\/p>\n<p class=\"p1\">\ud83d\udccd<strong>Le Pin Galant<\/strong> : 34 Av. du Mar\u00e9chal de Lattre de Tassigny, 33700 M\u00e9rignac<\/p>\n<p class=\"p1\">\ud83d\udcc5 Rendez-vous le <strong>2 d\u00e9cembre 2025<\/strong><\/p>\n<p class=\"p1\">\ud83d\udc49 Pour\u00a0<strong>gagner vos places<\/strong>,\u00a0<strong>inscrivez-vous maintenant<\/strong>\u00a0ci-dessous.<\/p>\n","protected":false},"excerpt":{"rendered":"\u2764\ufe0f Cette semaine sur\u00a0Wit FM, gagnez vos places pour le concert d&rsquo;Hoshi, d\u00e9j\u00e0 complet, au Pin Galant, le&hellip;\n","protected":false},"author":2,"featured_media":553145,"comment_status":"","ping_status":"","sticky":false,"template":"","format":"standard","meta":{"footnotes":""},"categories":[2817],"tags":[1111,11,1997,1697,1777,674,1011,27,31991,12304,873,12,2219,33932,25],"class_list":{"0":"post-553144","1":"post","2":"type-post","3":"status-publish","4":"format-standard","5":"has-post-thumbnail","7":"category-bordeaux","8":"tag-actu","9":"tag-actualites","10":"tag-bordeaux","11":"tag-concert","12":"tag-eu","13":"tag-europe","14":"tag-fr","15":"tag-france","16":"tag-hoshi","17":"tag-merignac","18":"tag-musique","19":"tag-news","20":"tag-nouvelle-aquitaine","21":"tag-pin-galant","22":"tag-republique-francaise"},"share_on_mastodon":{"url":"https:\/\/pubeurope.com\/@fr\/115598473598698617","error":""},"_links":{"self":[{"href":"https:\/\/www.europesays.com\/fr\/wp-json\/wp\/v2\/posts\/553144","targetHints":{"allow":["GET"]}}],"collection":[{"href":"https:\/\/www.europesays.com\/fr\/wp-json\/wp\/v2\/posts"}],"about":[{"href":"https:\/\/www.europesays.com\/fr\/wp-json\/wp\/v2\/types\/post"}],"author":[{"embeddable":true,"href":"https:\/\/www.europesays.com\/fr\/wp-json\/wp\/v2\/users\/2"}],"replies":[{"embeddable":true,"href":"https:\/\/www.europesays.com\/fr\/wp-json\/wp\/v2\/comments?post=553144"}],"version-history":[{"count":0,"href":"https:\/\/www.europesays.com\/fr\/wp-json\/wp\/v2\/posts\/553144\/revisions"}],"wp:featuredmedia":[{"embeddable":true,"href":"https:\/\/www.europesays.com\/fr\/wp-json\/wp\/v2\/media\/553145"}],"wp:attachment":[{"href":"https:\/\/www.europesays.com\/fr\/wp-json\/wp\/v2\/media?parent=553144"}],"wp:term":[{"taxonomy":"category","embeddable":true,"href":"https:\/\/www.europesays.com\/fr\/wp-json\/wp\/v2\/categories?post=553144"},{"taxonomy":"post_tag","embeddable":true,"href":"https:\/\/www.europesays.com\/fr\/wp-json\/wp\/v2\/tags?post=553144"}],"curies":[{"name":"wp","href":"https:\/\/api.w.org\/{rel}","templated":true}]}}