{"id":553146,"date":"2025-11-23T10:11:12","date_gmt":"2025-11-23T10:11:12","guid":{"rendered":"https:\/\/www.europesays.com\/fr\/553146\/"},"modified":"2025-11-23T10:11:12","modified_gmt":"2025-11-23T10:11:12","slug":"dans-le-var-et-a-bordeaux-on-repare-les-objets-et-les-personnes-liberation","status":"publish","type":"post","link":"https:\/\/www.europesays.com\/fr\/553146\/","title":{"rendered":"Dans le Var et \u00e0 Bordeaux, \u00abon r\u00e9pare les objets et les personnes\u00bb \u2013 Lib\u00e9ration"},"content":{"rendered":"<p class=\"sc-cPiKLX AiZTS text-element\"><b>Alimentation, logement, \u00e9nergie, insertion&#8230; Retour sur les grands th\u00e8mes abord\u00e9s lors <\/b><a href=\"https:\/\/bordeauxgsef2025.org\/\" target=\"_blank\" rel=\"noopener\" title=\"https:\/\/bordeauxgsef2025.org\/\"><b>du Forum mondial de l\u2019ESS<\/b><\/a><b> qui s\u2019est tenu fin octobre \u00e0 Bordeaux.<\/b><\/p>\n<p class=\"sc-cPiKLX AiZTS text-element\">Des monticules de v\u00eatements, des buffets en bois, des blocs de climatisation, des piles de livres, une nu\u00e9e de chariots\u2026 Sous l\u2019auvent d\u2019un b\u00e2timent en b\u00e9ton bard\u00e9 de bois, \u00e0 Brignoles, dans le centre du Var, Noah et M\u00e9lanie s\u2019affairent au milieu d\u2019un grand bazar. \u00abOn trie les objets que les gens nous apportent ou qui proviennent de la collecte des encombrants et des d\u00e9barras de maison\u00bb, expliquent timidement les deux jeunes.<\/p>\n<p class=\"sc-cPiKLX AiZTS text-element\">\u00abQue fait-on des rebuts ?\u00bb Noah r\u00e9fl\u00e9chit, h\u00e9site. \u00abElles vont dans les bennes derri\u00e8re le b\u00e2timent. Le bois, les textiles, les m\u00e9taux tri\u00e9s partiront dans les fili\u00e8res de recyclage\u00bb, souffle avec un sourire Christophe Delpuech, le directeur g\u00e9n\u00e9ral de l\u2019association la Courtoise Ressourcerie. \u00abNoah et M\u00e9lanie viennent d\u2019arriver dans notre chantier d\u2019insertion. Ici, on r\u00e9pare les objets et les personnes, mais la ressourcerie, qui consiste \u00e0 collecter, trier, r\u00e9parer en atelier et vendre les objets, reste un support. Notre c\u0153ur de m\u00e9tier, c\u2019est l\u2019accompagnement des personnes \u00e9loign\u00e9es de l\u2019emploi qui peuvent rester ici entre quatre et vingt-quatre mois. La moiti\u00e9 sont des jeunes de moins de 26 ans\u00bb, poursuit le responsable qui chapeaute aussi un site \u00e0 Sai<\/p>\n","protected":false},"excerpt":{"rendered":"Alimentation, logement, \u00e9nergie, insertion&#8230; Retour sur les grands th\u00e8mes abord\u00e9s lors du Forum mondial de l\u2019ESS qui s\u2019est&hellip;\n","protected":false},"author":2,"featured_media":553147,"comment_status":"","ping_status":"","sticky":false,"template":"","format":"standard","meta":{"footnotes":""},"categories":[2817],"tags":[1111,11,1997,1777,674,66521,1011,27,12,2219,17003,25,13016],"class_list":{"0":"post-553146","1":"post","2":"type-post","3":"status-publish","4":"format-standard","5":"has-post-thumbnail","7":"category-bordeaux","8":"tag-actu","9":"tag-actualites","10":"tag-bordeaux","11":"tag-eu","12":"tag-europe","13":"tag-forum-solutions-solidaires","14":"tag-fr","15":"tag-france","16":"tag-news","17":"tag-nouvelle-aquitaine","18":"tag-provence-alpes-cote-d-azur","19":"tag-republique-francaise","20":"tag-uber"},"share_on_mastodon":{"url":"https:\/\/pubeurope.com\/@fr\/115598477556345187","error":""},"_links":{"self":[{"href":"https:\/\/www.europesays.com\/fr\/wp-json\/wp\/v2\/posts\/553146","targetHints":{"allow":["GET"]}}],"collection":[{"href":"https:\/\/www.europesays.com\/fr\/wp-json\/wp\/v2\/posts"}],"about":[{"href":"https:\/\/www.europesays.com\/fr\/wp-json\/wp\/v2\/types\/post"}],"author":[{"embeddable":true,"href":"https:\/\/www.europesays.com\/fr\/wp-json\/wp\/v2\/users\/2"}],"replies":[{"embeddable":true,"href":"https:\/\/www.europesays.com\/fr\/wp-json\/wp\/v2\/comments?post=553146"}],"version-history":[{"count":0,"href":"https:\/\/www.europesays.com\/fr\/wp-json\/wp\/v2\/posts\/553146\/revisions"}],"wp:featuredmedia":[{"embeddable":true,"href":"https:\/\/www.europesays.com\/fr\/wp-json\/wp\/v2\/media\/553147"}],"wp:attachment":[{"href":"https:\/\/www.europesays.com\/fr\/wp-json\/wp\/v2\/media?parent=553146"}],"wp:term":[{"taxonomy":"category","embeddable":true,"href":"https:\/\/www.europesays.com\/fr\/wp-json\/wp\/v2\/categories?post=553146"},{"taxonomy":"post_tag","embeddable":true,"href":"https:\/\/www.europesays.com\/fr\/wp-json\/wp\/v2\/tags?post=553146"}],"curies":[{"name":"wp","href":"https:\/\/api.w.org\/{rel}","templated":true}]}}