{"id":553154,"date":"2025-11-23T10:17:15","date_gmt":"2025-11-23T10:17:15","guid":{"rendered":"https:\/\/www.europesays.com\/fr\/553154\/"},"modified":"2025-11-23T10:17:15","modified_gmt":"2025-11-23T10:17:15","slug":"pour-en-finir-avec-la-haine-mortifere-des-juges","status":"publish","type":"post","link":"https:\/\/www.europesays.com\/fr\/553154\/","title":{"rendered":"Pour en finir avec la haine mortif\u00e8re des juges"},"content":{"rendered":"<p>Ils appliquent la Loi, prononcent des sanctions, font respecter l&rsquo;\u00c9tat de droit. En retour, <a href=\"https:\/\/www.laprovence.com\/article\/faits-divers-justice\/51917728017679\/jugement-a-lencontre-de-sarkozy-nous-navons-pas-de-haine-a-exprimer-assure-le-procureur-financier\" target=\"_blank\" rel=\"noopener\">ils s&rsquo;exposent aux insultes, aux intimidations<\/a>. Aux menaces de mort.\u00a0Apr\u00e8s les proc\u00e8s Le Pen et Sarkozy, il y a tellement de haine, de tensions, on cherche une t\u00eate de turc, on veut un responsable. Ces violences sont en hausse constante et n&rsquo;impactent pas seulement les proc\u00e8s qui touchent les politiques mais aussi les affaires de droit commun.<\/p>\n<p>\u00ab\u00a0Gauchiasse\u00a0! Salope\u00a0! Elle doit aller en prison \u00e0 vie \u00e0 d\u00e9faut de la peine de mort capitale\u00a0! \u00a0\u00bb Des insultes visant Nathalie Gavarino, la pr\u00e9sidente du tribunal correctionnel qui a condamn\u00e9 Nicolas Sarkozy \u00e0 cinq ans de prison ferme avec ex\u00e9cution provisoire. Selon le parquet de Paris, vingt-quatre all\u00e9gations outrageantes ou mena\u00e7antes ont \u00e9t\u00e9 tenues envers les magistrats ayant si\u00e9g\u00e9 \u00e0 ce proc\u00e8s.<a href=\"https:\/\/www.laprovence.com\/article\/faits-divers-justice\/57639074416158\/magistrate-menacee-enquetes-sur-24-types-de-propos-haineux-visant-la-presidente-du-tribunal-qui-a-condamne-nicolas-sarkozy\" target=\"_blank\" rel=\"noopener\"> Madame Gavarino a \u00e9t\u00e9 plac\u00e9e sous protection polici\u00e8re<\/a>, tout comme sa coll\u00e8gue qui a condamn\u00e9 Madame Le Pen le 31\u00a0mars \u00e0 quatre ans de prison, dont deux ferme et \u00e0 cinq ans d&rsquo;in\u00e9ligibilit\u00e9 avec ex\u00e9cution provisoire pour d\u00e9tournement de fonds publics. Un ciblage raviv\u00e9 par les accusations de politisation de la Justice, entretenues par Nicolas Sarkozy et son entourage et avant lui par Madame Le Pen. Certains ont m\u00eame os\u00e9 l&rsquo;expression de coup d&rsquo;Etat judiciaire, Madame Le Pen d\u00e9non\u00e7ant \u00ab\u00a0une d\u00e9cision politique et un d\u00e9ni de d\u00e9mocratie&#8230;\u00a0\u00bb<\/p>\n<p>Un justiciable peut protester de son innocence en critiquant une d\u00e9cision de Justice, il en va autrement de ces attaques visant \u00e0 jeter le discr\u00e9dit sur l&rsquo;institution judiciaire. \u00ab\u00a0Les juges rouges\u00a0\u00bb, une accusation vieille comme le monde. Les magistrats ont toujours \u00e9t\u00e9 suspect\u00e9s d&rsquo;en vouloir aux politiques lesquels mettent parfois de l&rsquo;huile sur le feu. Lors d&rsquo;une manifestation de policiers avec le Syndicat Alliance, certains policiers scandaient\u00a0: \u00ab\u00a0la justice est notre ennemie\u00a0\u00bb. Certains magistrats ne voudraient plus donner leurs noms et demandent \u00e0 \u00eatre anonymis\u00e9s, \u00e0 l&rsquo;instar des policiers. Ces agressions physiques et verbales \u00e0 l&rsquo;encontre des magistrats ne font qu&rsquo;augmenter\u00a0: 622 agents de toute la fili\u00e8re judiciaire en ont \u00e9t\u00e9 la cible en\u00a02024 contre 458 en\u00a02021. Selon le garde des Sceaux, <a href=\"https:\/\/www.laprovence.com\/article\/france-monde\/718597218098714\/les-menaces-contre-les-magistrats-sujet-de-grande-preoccupation-pour-le-conseil-de-la-magistrature\" target=\"_blank\" rel=\"noopener\">cent cinquante magistrats sont menac\u00e9s <\/a>directement et une dizaine sont plac\u00e9s sous protection polici\u00e8re. Leurs noms sont r\u00e9v\u00e9l\u00e9s, affich\u00e9s, \u00e9pingl\u00e9s, leur vie priv\u00e9e exhib\u00e9e.<\/p>\n<p>Aujourd&rsquo;hui, la violence a chang\u00e9 de forme. Elle est plus diffuse et touche beaucoup plus de juridictions. Ce ne sont plus seulement les juges d&rsquo;instruction qui sont expos\u00e9s, mais \u00e9galement les juges aux affaires familiales ou des enfants, des procureurs&#8230; C&rsquo;est le reflet d&rsquo;une soci\u00e9t\u00e9 qui se radicalise et d\u00e9fie la Justice. Certains <a href=\"https:\/\/www.laprovence.com\/article\/faits-divers-justice\/54303960018405\/comment-des-narcotrafiquants-marseillais-ont-mis-la-main-sur-un-quartier-de-bruxelles\" target=\"_blank\" rel=\"noopener\">narcotrafiquants<\/a>, depuis la cellule de la prison, commanditent des assassinats contre des magistrats. Ce climat de violence qui vient de justiciables isol\u00e9s, de r\u00e9seaux criminels organis\u00e9s ou de mobilisations politiques, est le reflet d&rsquo;une confiance perdue dans les institutions. Il faut d\u00e8s lors mieux prot\u00e9ger les magistrats et poursuivre avec s\u00e9v\u00e9rit\u00e9 ceux qui les menacent. Il faut aussi renforcer les dispositifs anti-intrusion, les portiques, les cam\u00e9ras de surveillance. Sur le plan p\u00e9nal, des sanctions aggrav\u00e9es sont pr\u00e9vues par la Loi.<\/p>\n<p>Le nouveau directeur du tribunal judiciaire de Paris, Peimane Ghaleh Marzban, pointe aussi la n\u00e9cessit\u00e9 de restaurer le d\u00e9ficit de confiance vis-\u00e0-vis de la justice \u00ab\u00a0en \u00e9voluant dans la communication.\u00a0\u00bb Il envisage d&rsquo;instituer des \u00ab\u00a0porte-parole de la juridiction, des p\u00e9dagogues de la d\u00e9cision.\u00a0\u00bb Un moyen d&rsquo;\u00e9viter que des magistrats soient menac\u00e9s parce qu&rsquo;ils n&rsquo;auraient commis qu&rsquo;une seule faute\u00a0: Appliquer la r\u00e8gle de droit\u00a0!<\/p>\n","protected":false},"excerpt":{"rendered":"Ils appliquent la Loi, prononcent des sanctions, font respecter l&rsquo;\u00c9tat de droit. En retour, ils s&rsquo;exposent aux insultes,&hellip;\n","protected":false},"author":2,"featured_media":553155,"comment_status":"","ping_status":"","sticky":false,"template":"","format":"standard","meta":{"footnotes":""},"categories":[2814],"tags":[17,1111,11,13876,3396,1777,674,27064,1011,27,12347,30478,67026,21564,884,12,471,882,25],"class_list":{"0":"post-553154","1":"post","2":"type-post","3":"status-publish","4":"format-standard","5":"has-post-thumbnail","7":"category-marseille","8":"tag-17","9":"tag-actu","10":"tag-actualites","11":"tag-alain","12":"tag-avec","13":"tag-eu","14":"tag-europe","15":"tag-finir","16":"tag-fr","17":"tag-france","18":"tag-idees-et-opinions","19":"tag-ledito","20":"tag-lhote","21":"tag-maitre","22":"tag-marseille","23":"tag-news","24":"tag-pour","25":"tag-provence-alpes-cote-dazur","26":"tag-republique-francaise"},"share_on_mastodon":{"url":"https:\/\/pubeurope.com\/@fr\/115598501171160323","error":""},"_links":{"self":[{"href":"https:\/\/www.europesays.com\/fr\/wp-json\/wp\/v2\/posts\/553154","targetHints":{"allow":["GET"]}}],"collection":[{"href":"https:\/\/www.europesays.com\/fr\/wp-json\/wp\/v2\/posts"}],"about":[{"href":"https:\/\/www.europesays.com\/fr\/wp-json\/wp\/v2\/types\/post"}],"author":[{"embeddable":true,"href":"https:\/\/www.europesays.com\/fr\/wp-json\/wp\/v2\/users\/2"}],"replies":[{"embeddable":true,"href":"https:\/\/www.europesays.com\/fr\/wp-json\/wp\/v2\/comments?post=553154"}],"version-history":[{"count":0,"href":"https:\/\/www.europesays.com\/fr\/wp-json\/wp\/v2\/posts\/553154\/revisions"}],"wp:featuredmedia":[{"embeddable":true,"href":"https:\/\/www.europesays.com\/fr\/wp-json\/wp\/v2\/media\/553155"}],"wp:attachment":[{"href":"https:\/\/www.europesays.com\/fr\/wp-json\/wp\/v2\/media?parent=553154"}],"wp:term":[{"taxonomy":"category","embeddable":true,"href":"https:\/\/www.europesays.com\/fr\/wp-json\/wp\/v2\/categories?post=553154"},{"taxonomy":"post_tag","embeddable":true,"href":"https:\/\/www.europesays.com\/fr\/wp-json\/wp\/v2\/tags?post=553154"}],"curies":[{"name":"wp","href":"https:\/\/api.w.org\/{rel}","templated":true}]}}