{"id":553156,"date":"2025-11-23T10:18:26","date_gmt":"2025-11-23T10:18:26","guid":{"rendered":"https:\/\/www.europesays.com\/fr\/553156\/"},"modified":"2025-11-23T10:18:26","modified_gmt":"2025-11-23T10:18:26","slug":"assassins-vous-mavez-deja-tuee-le-cri-de-douleur-de-la-mere-de-mehdi-kessaci-a-la-marche-blanche","status":"publish","type":"post","link":"https:\/\/www.europesays.com\/fr\/553156\/","title":{"rendered":"\u00ab\u00a0Assassins, vous m\u2019avez d\u00e9j\u00e0 tu\u00e9e\u00a0\u00bb\u2026 Le cri de douleur de la m\u00e8re de Mehdi Kessaci \u00e0 la marche blanche"},"content":{"rendered":"<p>La douleur \u00e9tait forte samedi \u00e0 Marseille. La foule a rendu un hommage poignant \u00e0 Mehdi Kessaci, sa famille appelant \u00e0 \u00ab\u00a0prendre la mesure\u00a0\u00bb de <a href=\"https:\/\/www.20minutes.fr\/faits_divers\/4186694-20251119-assassinat-mehdi-kessaci-mamine-caid-dz-mafia-derriere-barreaux-ur-enquete\" target=\"_blank\" class=\"c-link c-link--is-underlined\" rel=\"noopener\">\u00ab\u00a0ce monstre\u00a0\u00bb du narcotrafic<\/a> \u00ab\u00a0qui s\u2019est infiltr\u00e9 partout\u00a0\u00bb et leur a enlev\u00e9 un 2e fils.<\/p>\n<p><a href=\"https:\/\/www.20minutes.fr\/societe\/4186802-20251122-narcotrafics-amine-kessaci-iconisation-essentielle-lutte-contre-trafic-drogue\" target=\"_blank\" class=\"c-link c-link--is-underlined\" rel=\"noopener\">Son fr\u00e8re Amine Kessaci<\/a>, militant antidrogue et \u00e9cologiste d\u00e9sormais plac\u00e9 sous protection polici\u00e8re, est arriv\u00e9 avec sa m\u00e8re sous les applaudissements des plus de 6.200 personnes r\u00e9unies. Elle avait d\u00e9j\u00e0 perdu Brahim, dans un narchomicide en\u00a02020.<\/p>\n<p>\u00ab\u00a0Le silence tue\u00a0\u00bb, mart\u00e8le Amine Kessaci<\/p>\n<p>\u00ab\u00a0Assassins, vous m\u2019avez d\u00e9j\u00e0 tu\u00e9e. Mais vous ne tuerez jamais mon amour\u00a0\u00bb, a lanc\u00e9 Ouassila Benhamdi, tout en blanc, avec la photo de Mehdi sur son tee-shirt. \u00ab\u00a0On parle de vous comme des b\u00eates sauvages, sans c\u0153ur\u00a0\u00bb mais \u00ab\u00a0vous avez pens\u00e9 \u00e0 vos m\u00e8res\u00a0? Sont-elles fi\u00e8res de vous\u00a0?\u00a0\u00bb S\u2019adressant au gouvernement, elle a demand\u00e9 \u00ab\u00a0de prendre la mesure de tout ce qui se passe\u00a0\u00bb car \u00ab\u00a0il faut que \u00e7a s\u2019arr\u00eate\u00a0\u00bb. Bris\u00e9e par l\u2019\u00e9motion, c\u2019est l\u2019ex-secr\u00e9taire d\u2019Etat et proche du couple Macron, Sabrina Agresti-Roubache, qui a repris sa feuille pour finir son texte \u00e0 sa place.<\/p>\n<p>\u00ab\u00a0Nous parlons parce que nous savons que le silence tue. Chacun des reculs des institutions a favoris\u00e9 l\u2019avanc\u00e9e du narcotrafic\u00a0\u00bb, a expliqu\u00e9 Amine, 22 ans, juste avant sa m\u00e8re, dans une allocution enregistr\u00e9e et diffus\u00e9e \u00e0 la foule. \u00ab\u00a0Nous avons besoin de justice sociale, d\u2019engagement de l\u2019\u00c9tat et des collectivit\u00e9s, de soutien aux associations qui font le boulot\u00a0\u00bb face \u00e0 \u00ab\u00a0un monstre qui s\u2019est infiltr\u00e9 partout\u00a0\u00bb.<\/p>\n<p>Le reste de cet hommage s\u2019est d\u00e9roul\u00e9 dans un silence seulement interrompu par des \u00ab\u00a0Justice pour Mehdi\u00a0\u00bb. Une dame avait accroch\u00e9 \u00e0 sa doudoune un c\u0153ur qui pleure. Beaucoup portaient des tee-shirts blancs distribu\u00e9s par les organisateurs.<\/p>\n<p>De tr\u00e8s nombreux \u00e9lus pr\u00e9sents<\/p>\n<p>\u00ab\u00a0La peur ne peut pas nous gagner\u00a0\u00bb\u00a0: \u00ab\u00a0nous devons leur r\u00e9sister et les combattre, mener une guerre face \u00e0 ceux qui tuent pour de l\u2019argent\u00a0\u00bb, a martel\u00e9 <a href=\"https:\/\/www.20minutes.fr\/faits_divers\/4186719-20251119-assassinat-mehdi-kessaci-peur-lance-maire-marseille-avant-marche-blanche-samedi\" target=\"_blank\" class=\"c-link c-link--is-underlined\" rel=\"noopener\">le maire de Marseille (divers gauche) Beno\u00eet Payan<\/a>, conscient que cet assassinat visait peut-\u00eatre aussi \u00e0 \u00ab\u00a0faire peur\u00a0\u00bb aux magistrats, aux policiers, aux journalistes ou aux \u00e9lus. \u00ab\u00a0On a besoin d\u2019\u00eatre soud\u00e9s, mobilis\u00e9s\u00a0\u00bb, a-t-il plaid\u00e9, refusant que l\u2019on parle de Marseille comme d\u2019une \u00ab\u00a0narcoville\u00a0\u00bb.<\/p>\n<p>Une impressionnante foule d\u2019\u00e9lus, souvent v\u00eatus de blanc et portant, comme l\u2019a demand\u00e9 la famille, leur \u00e9charpe tricolore avait fait le d\u00e9placement. Beaucoup ont d\u00e9pos\u00e9 des fleurs blanches \u00e0 l\u2019endroit m\u00eame o\u00f9 le jeune Mehdi, 20 ans, qui voulait devenir policier, a \u00e9t\u00e9 assassin\u00e9 par deux hommes \u00e0 moto, toujours en fuite, le 13\u00a0novembre.<\/p>\n<p>Marine Tondelier, cheffe des Ecologistes, le parti d\u2019Amine Kessaci, le patron du parti socialiste, Olivier Faure, les d\u00e9put\u00e9s Fran\u00e7ois Ruffin (Debout\u00a0!), Manuel Bompard (LFI) ou S\u00e9bastien Delogu (LFI), \u00e9galement candidat aux municipales marseillaises, \u00e9taient pr\u00e9sents. La porte-parole du gouvernement Maud Br\u00e9geon, comme d\u2019autres, a \u00e9t\u00e9 bloqu\u00e9e \u00e0 Paris apr\u00e8s l\u2019annulation de son vol. Le d\u00e9put\u00e9 RN Franck Allisio, candidat \u00e0 la mairie de Marseille, \u00e9tait lui parmi la foule.<\/p>\n<p><a href=\"https:\/\/www.20minutes.fr\/marseille\/\" target=\"_blank\" class=\"c-link c-btn c-btn--primary\" rel=\"noopener\">Notre dossier sur Marseille<\/a><\/p>\n<p>D\u2019autres rassemblements se sont tenus en France comme \u00e0 Rennes o\u00f9 250 personnes \u00e9taient mobilis\u00e9es, contre quelques dizaines seulement \u00e0 Clermont-Ferrand.<\/p>\n","protected":false},"excerpt":{"rendered":"La douleur \u00e9tait forte samedi \u00e0 Marseille. La foule a rendu un hommage poignant \u00e0 Mehdi Kessaci, sa&hellip;\n","protected":false},"author":2,"featured_media":553157,"comment_status":"","ping_status":"","sticky":false,"template":"","format":"standard","meta":{"footnotes":""},"categories":[2814],"tags":[1111,47,11,6744,885,1052,1777,674,118,1011,27,66374,884,813,12,883,882,25,104,887,133],"class_list":{"0":"post-553156","1":"post","2":"type-post","3":"status-publish","4":"format-standard","5":"has-post-thumbnail","7":"category-marseille","8":"tag-actu","9":"tag-actualite","10":"tag-actualites","11":"tag-assassinat","12":"tag-bouches-du-rhone","13":"tag-drogue","14":"tag-eu","15":"tag-europe","16":"tag-faits-divers","17":"tag-fr","18":"tag-france","19":"tag-marche-blanche","20":"tag-marseille","21":"tag-narcotrafiquants","22":"tag-news","23":"tag-paca","24":"tag-provence-alpes-cote-dazur","25":"tag-republique-francaise","26":"tag-societe","27":"tag-trafic-de-drogue","28":"tag-video"},"share_on_mastodon":{"url":"https:\/\/pubeurope.com\/@fr\/115598505104844497","error":""},"_links":{"self":[{"href":"https:\/\/www.europesays.com\/fr\/wp-json\/wp\/v2\/posts\/553156","targetHints":{"allow":["GET"]}}],"collection":[{"href":"https:\/\/www.europesays.com\/fr\/wp-json\/wp\/v2\/posts"}],"about":[{"href":"https:\/\/www.europesays.com\/fr\/wp-json\/wp\/v2\/types\/post"}],"author":[{"embeddable":true,"href":"https:\/\/www.europesays.com\/fr\/wp-json\/wp\/v2\/users\/2"}],"replies":[{"embeddable":true,"href":"https:\/\/www.europesays.com\/fr\/wp-json\/wp\/v2\/comments?post=553156"}],"version-history":[{"count":0,"href":"https:\/\/www.europesays.com\/fr\/wp-json\/wp\/v2\/posts\/553156\/revisions"}],"wp:featuredmedia":[{"embeddable":true,"href":"https:\/\/www.europesays.com\/fr\/wp-json\/wp\/v2\/media\/553157"}],"wp:attachment":[{"href":"https:\/\/www.europesays.com\/fr\/wp-json\/wp\/v2\/media?parent=553156"}],"wp:term":[{"taxonomy":"category","embeddable":true,"href":"https:\/\/www.europesays.com\/fr\/wp-json\/wp\/v2\/categories?post=553156"},{"taxonomy":"post_tag","embeddable":true,"href":"https:\/\/www.europesays.com\/fr\/wp-json\/wp\/v2\/tags?post=553156"}],"curies":[{"name":"wp","href":"https:\/\/api.w.org\/{rel}","templated":true}]}}