{"id":553160,"date":"2025-11-23T10:21:16","date_gmt":"2025-11-23T10:21:16","guid":{"rendered":"https:\/\/www.europesays.com\/fr\/553160\/"},"modified":"2025-11-23T10:21:16","modified_gmt":"2025-11-23T10:21:16","slug":"le-ballet-de-lopera-de-lyon","status":"publish","type":"post","link":"https:\/\/www.europesays.com\/fr\/553160\/","title":{"rendered":"Le Ballet de l\u2019Op\u00e9ra de Lyon"},"content":{"rendered":"<p><strong>Nacera Belaza et Katerina Andreou ouvrent un dialogue passionnant \u00e0 travers le corps des danseurs du Ballet de l\u2019Op\u00e9ra de Lyon.<\/strong><\/p>\n<p>Elles cultivent toutes les deux le go\u00fbt de l\u2019\u00e9pure, la recherche de l\u2019essentiel. Dans une m\u00eame soir\u00e9e, Nacera Belaza propose Untitled 1 et Katerina Andreou WE NEED SILENCE, version collective de son solo BSTRD. La premi\u00e8re joue de la r\u00e9p\u00e9tition jusqu\u2019\u00e0 plus soif du mouvement pour que ses interpr\u00e8tes comme le public atteignent un \u00e9tat de disponibilit\u00e9 accrue, proche de la transe. La seconde \u00e9puise les corps et sature l\u2019espace de pulsations \u00e9lectroniques obs\u00e9dantes pour mieux viser, dans un \u00e9lan paradoxal, la pl\u00e9nitude du silence.<\/p>\n<p>\u00a0<\/p>\n<p>Delphine Baffour<\/p>\n","protected":false},"excerpt":{"rendered":"Nacera Belaza et Katerina Andreou ouvrent un dialogue passionnant \u00e0 travers le corps des danseurs du Ballet de&hellip;\n","protected":false},"author":2,"featured_media":553161,"comment_status":"","ping_status":"","sticky":false,"template":"","format":"standard","meta":{"footnotes":""},"categories":[1889],"tags":[1111,11,2430,1777,674,1011,27,67027,67028,2428,31270,12,25],"class_list":{"0":"post-553160","1":"post","2":"type-post","3":"status-publish","4":"format-standard","5":"has-post-thumbnail","7":"category-lyon","8":"tag-actu","9":"tag-actualites","10":"tag-auvergne-rhone-alpes","11":"tag-eu","12":"tag-europe","13":"tag-fr","14":"tag-france","15":"tag-katerina-andreou","16":"tag-le-ballet-de-lopera-de-lyon","17":"tag-lyon","18":"tag-nacera-belaza","19":"tag-news","20":"tag-republique-francaise"},"share_on_mastodon":{"url":"https:\/\/pubeurope.com\/@fr\/115598516783078891","error":""},"_links":{"self":[{"href":"https:\/\/www.europesays.com\/fr\/wp-json\/wp\/v2\/posts\/553160","targetHints":{"allow":["GET"]}}],"collection":[{"href":"https:\/\/www.europesays.com\/fr\/wp-json\/wp\/v2\/posts"}],"about":[{"href":"https:\/\/www.europesays.com\/fr\/wp-json\/wp\/v2\/types\/post"}],"author":[{"embeddable":true,"href":"https:\/\/www.europesays.com\/fr\/wp-json\/wp\/v2\/users\/2"}],"replies":[{"embeddable":true,"href":"https:\/\/www.europesays.com\/fr\/wp-json\/wp\/v2\/comments?post=553160"}],"version-history":[{"count":0,"href":"https:\/\/www.europesays.com\/fr\/wp-json\/wp\/v2\/posts\/553160\/revisions"}],"wp:featuredmedia":[{"embeddable":true,"href":"https:\/\/www.europesays.com\/fr\/wp-json\/wp\/v2\/media\/553161"}],"wp:attachment":[{"href":"https:\/\/www.europesays.com\/fr\/wp-json\/wp\/v2\/media?parent=553160"}],"wp:term":[{"taxonomy":"category","embeddable":true,"href":"https:\/\/www.europesays.com\/fr\/wp-json\/wp\/v2\/categories?post=553160"},{"taxonomy":"post_tag","embeddable":true,"href":"https:\/\/www.europesays.com\/fr\/wp-json\/wp\/v2\/tags?post=553160"}],"curies":[{"name":"wp","href":"https:\/\/api.w.org\/{rel}","templated":true}]}}