{"id":553164,"date":"2025-11-23T10:24:16","date_gmt":"2025-11-23T10:24:16","guid":{"rendered":"https:\/\/www.europesays.com\/fr\/553164\/"},"modified":"2025-11-23T10:24:16","modified_gmt":"2025-11-23T10:24:16","slug":"pouvoir-dachat-ces-320-euros-qui-dorment-chez-vous-sans-que-vous-le-sachiez","status":"publish","type":"post","link":"https:\/\/www.europesays.com\/fr\/553164\/","title":{"rendered":"Pouvoir d\u2019achat\u00a0: ces 320\u00a0euros qui dorment chez vous sans que vous le sachiez"},"content":{"rendered":"<p class=\"paragraph text_align_left lp-f-body-02\">\u00c0 l\u2019approche des f\u00eates, que diriez-vous de trier vos placards ? Car \u00e0 l\u2019int\u00e9rieur, ce qui ne vous est plus utile peut s\u2019av\u00e9rer \u00eatre un tr\u00e9sor pour d\u2019autres. Selon un sondage men\u00e9 par l\u2019institut <a href=\"https:\/\/www.opinion-way.com\/fr\/publications\/le-pouvoir-dachat-cache-des-francais-2025-21724\/\" target=\"_blank\" rel=\"noreferrer nofollow noopener\">OpinionWay<\/a> pour Leboncoin publi\u00e9 vendredi 21 novembre, les Fran\u00e7ais disposent en moyenne de 320 euros <a href=\"https:\/\/www.leparisien.fr\/environnement\/cest-ecolo-et-ca-rapporte-comment-gagner-de-largent-avec-vos-anciennes-chaussures-27-04-2024-SBXGWFVXIJFRFHGMZLDXYUPCZY.php\" target=\"_blank\" rel=\"noreferrer nofollow noopener\">d\u2019objets inutilis\u00e9s chez eux<\/a>.<\/p>\n<p class=\"paragraph text_align_left lp-f-body-02\">Pour r\u00e9aliser ce sondage et parvenir \u00e0 cette somme, l\u2019institut a interrog\u00e9 fin septembre 1 054 personnes constitutives d\u2019un \u00e9chantillon repr\u00e9sentatif de la population fran\u00e7aise. Parmi les r\u00e9pondants, 86 % ont reconnu poss\u00e9der au moins un objet qu\u2019ils n\u2019utilisaient pas \u00e0 leur domicile. Ce chiffre monte \u00e0 89 % chez les 18-24 ans, et m\u00eame \u00e0 91 % chez les personnes de plus de 65 ans.<\/p>\n<p>Les v\u00eatements, les livres et les jouets en ligne de mire<\/p>\n<p class=\"paragraph text_align_left lp-f-body-02\">\u00ab En moyenne, chaque foyer conserverait 19 objets qui dorment dans les placards, et pour 20 % des Fran\u00e7ais, ce chiffre d\u00e9passe les 30 \u00bb, d\u00e9taille l\u2019institut. Premiers concern\u00e9s : <a href=\"https:\/\/www.leparisien.fr\/economie\/comment-faire-racheter-cash-vos-vetements-en-trois-clics-05-10-2023-ZPBCPNHVU5EHBKQUFK4JCEXWJ4.php\" target=\"_blank\" rel=\"noreferrer nofollow noopener\">les v\u00eatements<\/a> (65 %), <a href=\"https:\/\/www.leparisien.fr\/essonne-91\/au-coeur-de-lentrepot-geant-de-recyclivre-leader-francais-de-la-vente-en-ligne-de-livres-doccasion-13-12-2021-4PZ7GGIH2VDLFDY2BQVDVTUN6A.php\" target=\"_blank\" rel=\"noreferrer nofollow noopener\">les livres<\/a> (56 %) et les jouets (31 %). R\u00e9sultat : du pouvoir d\u2019achat qui se perd dans ces m\u00eames placards. En effet, la pr\u00e9sence d\u2019objets inutilis\u00e9s au sein d\u2019un foyer n\u2019est pas li\u00e9e \u00e0 une cat\u00e9gorie sociale ais\u00e9e : m\u00eame parmi les foyers les plus modestes avec moins de 1 000 euros de revenu mensuel, \u00ab 3 personnes sur 4 d\u00e9clarent stocker des biens inutilis\u00e9s \u00bb, pr\u00e9cise OpinionWay.<\/p>\n<p class=\"paragraph text_align_left lp-f-body-02\">Les personnes interrog\u00e9es ont ensuite \u00e9t\u00e9 invit\u00e9es \u00e0 estimer le montant de la valeur des objets inutilis\u00e9s dont ils disposaient. Si pr\u00e8s d\u2019un tiers des r\u00e9pondants pense que la somme est inf\u00e9rieure \u00e0 100 euros, 46 % de l\u2019\u00e9chantillon \u00e9voque plus de 200 euros <a href=\"https:\/\/www.leparisien.fr\/paris-75\/mode-bijoux-accessoires-deco-les-nouveaux-territoires-du-marche-de-la-seconde-main-12-02-2022-M5MQDVP3UNBXDBFSG3RGEMT3NM.php\" target=\"_blank\" rel=\"noreferrer nofollow noopener\">de valeur marchande stock\u00e9e<\/a> sans qu\u2019ils en aient l\u2019usage. Le gain de pouvoir d\u2019achat pourrait m\u00eame d\u00e9passer les 500 euros selon un Fran\u00e7ais sur cinq interrog\u00e9.<\/p>\n<p class=\"paragraph text_align_left lp-f-body-02\">Reste alors \u00e0 s\u2019attaquer \u00e0 la vente de cet \u00ab argent dormant \u00bb. Un sacerdoce pour bien des Fran\u00e7ais, puisque si 95 % des interrog\u00e9s pensent pouvoir obtenir un revenu suppl\u00e9mentaire <a href=\"https:\/\/www.leparisien.fr\/paris-75\/loccasion-aussi-simple-que-le-neuf-a-paris-youzd-veut-faciliter-lachat-de-seconde-main-28-07-2021-SOMO4PUDUZCETDET44JIW3F2QA.php\" target=\"_blank\" rel=\"noreferrer nofollow noopener\">en revendant ces objets inutiles<\/a>, ils sont 82 % \u00e0 trouver une bonne raison de ne pas le faire. Que ce soit par manque de temps, par crainte de gain trop faible ou par manque d\u2019envie de se s\u00e9parer de certains biens, de nombreux m\u00e9nages entassent au lieu de trier.<\/p>\n","protected":false},"excerpt":{"rendered":"\u00c0 l\u2019approche des f\u00eates, que diriez-vous de trier vos placards ? Car \u00e0 l\u2019int\u00e9rieur, ce qui ne vous&hellip;\n","protected":false},"author":2,"featured_media":553165,"comment_status":"","ping_status":"","sticky":false,"template":"","format":"standard","meta":{"footnotes":""},"categories":[1888],"tags":[1111,1928,11,1927,33,1777,674,1011,27,12,1926,626,1925,25,6337],"class_list":{"0":"post-553164","1":"post","2":"type-post","3":"status-publish","4":"format-standard","5":"has-post-thumbnail","7":"category-paris","8":"tag-actu","9":"tag-actu-paris","10":"tag-actualites","11":"tag-actualites-paris","12":"tag-economie","13":"tag-eu","14":"tag-europe","15":"tag-fr","16":"tag-france","17":"tag-news","18":"tag-news-paris","19":"tag-paris","20":"tag-paris-news","21":"tag-republique-francaise","22":"tag-votre-argent"},"share_on_mastodon":{"url":"https:\/\/pubeurope.com\/@fr\/115598528801331344","error":""},"_links":{"self":[{"href":"https:\/\/www.europesays.com\/fr\/wp-json\/wp\/v2\/posts\/553164","targetHints":{"allow":["GET"]}}],"collection":[{"href":"https:\/\/www.europesays.com\/fr\/wp-json\/wp\/v2\/posts"}],"about":[{"href":"https:\/\/www.europesays.com\/fr\/wp-json\/wp\/v2\/types\/post"}],"author":[{"embeddable":true,"href":"https:\/\/www.europesays.com\/fr\/wp-json\/wp\/v2\/users\/2"}],"replies":[{"embeddable":true,"href":"https:\/\/www.europesays.com\/fr\/wp-json\/wp\/v2\/comments?post=553164"}],"version-history":[{"count":0,"href":"https:\/\/www.europesays.com\/fr\/wp-json\/wp\/v2\/posts\/553164\/revisions"}],"wp:featuredmedia":[{"embeddable":true,"href":"https:\/\/www.europesays.com\/fr\/wp-json\/wp\/v2\/media\/553165"}],"wp:attachment":[{"href":"https:\/\/www.europesays.com\/fr\/wp-json\/wp\/v2\/media?parent=553164"}],"wp:term":[{"taxonomy":"category","embeddable":true,"href":"https:\/\/www.europesays.com\/fr\/wp-json\/wp\/v2\/categories?post=553164"},{"taxonomy":"post_tag","embeddable":true,"href":"https:\/\/www.europesays.com\/fr\/wp-json\/wp\/v2\/tags?post=553164"}],"curies":[{"name":"wp","href":"https:\/\/api.w.org\/{rel}","templated":true}]}}