{"id":553166,"date":"2025-11-23T10:25:21","date_gmt":"2025-11-23T10:25:21","guid":{"rendered":"https:\/\/www.europesays.com\/fr\/553166\/"},"modified":"2025-11-23T10:25:21","modified_gmt":"2025-11-23T10:25:21","slug":"paris-et-la-region-parisienne-se-reveillent-sous-la-neige-liberation","status":"publish","type":"post","link":"https:\/\/www.europesays.com\/fr\/553166\/","title":{"rendered":"Paris et la r\u00e9gion parisienne se r\u00e9veillent sous la neige \u2013 Lib\u00e9ration"},"content":{"rendered":"<p class=\"sc-cPiKLX AiZTS text-element\">Un manteau blanc. La capitale est recouverte ce dimanche matin d\u2019un centim\u00e8tres de neige, image rare qui ne devrait pas durer. Il n\u2019en restera aucune trace d\u00e8s 9 heures, indique sur X la Cha\u00eene M\u00e9t\u00e9o. La vigilance orange en Ile-de-France, <a href=\"https:\/\/www.liberation.fr\/environnement\/climat\/un-a-deux-centimetres-de-neige-au-sol-a-paris-les-8-departements-dile-de-france-places-en-vigilance-orange-20251122_2GKGRHMBGBESHAOHH5ZQBBTBKU\/?redirected=1\" target=\"_blank\" rel=\"nofollow noopener\" title=\"https:\/\/www.liberation.fr\/environnement\/climat\/un-a-deux-centimetres-de-neige-au-sol-a-paris-les-8-departements-dile-de-france-places-en-vigilance-orange-20251122_2GKGRHMBGBESHAOHH5ZQBBTBKU\/?redirected=1\">frapp\u00e9e dans la nuit par son premier \u00e9pisode hivernal de la saison<\/a>, a \u00e9t\u00e9 lev\u00e9e ainsi que dans le Massif central, \u00e0 l\u2019exception du Puy-de-Dome et du Cantal, sous alerte jusqu\u2019\u00e0 10 heures en raison du verglas.<\/p>\n<blockquote class=\"twitter-tweet\">\n<p lang=\"fr\" dir=\"ltr\">Il a <a href=\"https:\/\/twitter.com\/hashtag\/neig%C3%A9?src=hash&amp;ref_src=twsrc%5Etfw\" rel=\"nofollow noopener\" target=\"_blank\">#neig\u00e9<\/a> \u2744\ufe0fsur <a href=\"https:\/\/twitter.com\/hashtag\/Paris?src=hash&amp;ref_src=twsrc%5Etfw\" rel=\"nofollow noopener\" target=\"_blank\">#Paris<\/a> cette nuit. La couche a atteint 3 cm \u00e0 Paris-Montsouris. Ce matin, avec le redoux, la neige fond tr\u00e8s rapidement. D\u00e8s 9h, il ne restera plus rien de l&rsquo;offensive hivernale de cette nuit. <a href=\"https:\/\/t.co\/qLK208WIeZ\" rel=\"nofollow\">https:\/\/t.co\/qLK208WIeZ<\/a><\/p>\n<p>\u2014 La Cha\u00eene M\u00e9t\u00e9o (@lachainemeteo) <a href=\"https:\/\/twitter.com\/lachainemeteo\/status\/1992477316027732175?ref_src=twsrc%5Etfw\" rel=\"nofollow noopener\" target=\"_blank\">November 23, 2025<\/a><\/p><\/blockquote>\n<p class=\"sc-cPiKLX AiZTS text-element\">Selon son dernier bulletin, le pr\u00e9visionniste a lev\u00e9 d\u00e8s 6 heures sa vigilance pour les d\u00e9partements des Yvelines, Val-d\u2019Oise, Essonne, Paris et la petite couronne. A 8 heures pour la Seine-et-Marne et le Massif central.<\/p>\n<p class=\"sc-cPiKLX AiZTS text-element\">\u00abLa perturbation faiblement active ayant donn\u00e9 les neiges, avec quelques pr\u00e9cipitations vergla\u00e7antes, continue son long d\u00e9calage d\u2019ouest en est, vers le quart nord-est du pays\u00bb, rapporte M\u00e9t\u00e9o France.<\/p>\n<p class=\"sc-cPiKLX AiZTS text-element\">Six d\u00e9partements du Massif central (Aveyron, Cantal, Corr\u00e8ze, Creuse, Haute-Vienne et Puy-de-D\u00f4me), \u00e9taient concern\u00e9s par la vigilance orange depuis 3 heures dimanche, en raison de faibles chutes de neige et de pluies vergla\u00e7antes susceptibles de rendre les chauss\u00e9es glissantes.<\/p>\n<p class=\"sc-cPiKLX AiZTS text-element\">Dans cette r\u00e9gion les pr\u00e9cipitations sont rest\u00e9es faibles et \u00e9parses : de petites chutes de neige sur le Cantal et l\u2019ouest du Puy-de-D\u00f4me, tandis que le Limousin enregistrait 1 cm \u00e0 Limoges (Haute-Vienne) et 3 cm \u00e0 \u00c9gletons (Corr\u00e8ze), avec quelques pluies vergla\u00e7antes \u00e0 l\u2019arri\u00e8re.<\/p>\n<p class=\"sc-cPiKLX AiZTS text-element\">La pr\u00e9fecture de police avait d\u00e9cid\u00e9 de r\u00e9duire la vitesse autoris\u00e9e de 20 km\/h sur l\u2019ensemble de l\u2019Ile-de-France et d\u2019interdire les d\u00e9passements pour les poids lourds de plus de 3,5 tonnes sur les grands axes. Les trains et r\u00e9seaux urbains ne devraient pas \u00eatre fortement impact\u00e9s, mais des retards d\u2019environ une heure ont \u00e9t\u00e9 signal\u00e9s samedi soir \u00e0 Roissy, susceptibles de se prolonger dimanche.<\/p>\n<p class=\"sc-cPiKLX AiZTS text-element\">\u00abLes premiers \u00e9pisodes ne sont parfois pas pris suffisamment au s\u00e9rieux\u00bb, avait averti le ministre des Transports Philippe Tabarot, depuis le centre de crise mobilisant M\u00e9t\u00e9o-France, les services routiers, l\u2019aviation civile et les op\u00e9rateurs de transport.<\/p>\n<p class=\"sc-cPiKLX AiZTS text-element\">Au total, 7 500 agents des Routes sont mobilis\u00e9s ce week-end.<\/p>\n<p><script async src=\"https:\/\/platform.twitter.com\/widgets.js\" charset=\"utf-8\"><\/script><\/p>\n","protected":false},"excerpt":{"rendered":"Un manteau blanc. La capitale est recouverte ce dimanche matin d\u2019un centim\u00e8tres de neige, image rare qui ne&hellip;\n","protected":false},"author":2,"featured_media":553167,"comment_status":"","ping_status":"","sticky":false,"template":"","format":"standard","meta":{"footnotes":""},"categories":[1888],"tags":[1111,1928,11,1927,2430,1777,674,1011,27,662,17410,12,1926,626,1925,25],"class_list":{"0":"post-553166","1":"post","2":"type-post","3":"status-publish","4":"format-standard","5":"has-post-thumbnail","7":"category-paris","8":"tag-actu","9":"tag-actu-paris","10":"tag-actualites","11":"tag-actualites-paris","12":"tag-auvergne-rhone-alpes","13":"tag-eu","14":"tag-europe","15":"tag-fr","16":"tag-france","17":"tag-ile-de-france","18":"tag-intemperies-inondations-crues","19":"tag-news","20":"tag-news-paris","21":"tag-paris","22":"tag-paris-news","23":"tag-republique-francaise"},"share_on_mastodon":{"url":"https:\/\/pubeurope.com\/@fr\/115598532673860689","error":""},"_links":{"self":[{"href":"https:\/\/www.europesays.com\/fr\/wp-json\/wp\/v2\/posts\/553166","targetHints":{"allow":["GET"]}}],"collection":[{"href":"https:\/\/www.europesays.com\/fr\/wp-json\/wp\/v2\/posts"}],"about":[{"href":"https:\/\/www.europesays.com\/fr\/wp-json\/wp\/v2\/types\/post"}],"author":[{"embeddable":true,"href":"https:\/\/www.europesays.com\/fr\/wp-json\/wp\/v2\/users\/2"}],"replies":[{"embeddable":true,"href":"https:\/\/www.europesays.com\/fr\/wp-json\/wp\/v2\/comments?post=553166"}],"version-history":[{"count":0,"href":"https:\/\/www.europesays.com\/fr\/wp-json\/wp\/v2\/posts\/553166\/revisions"}],"wp:featuredmedia":[{"embeddable":true,"href":"https:\/\/www.europesays.com\/fr\/wp-json\/wp\/v2\/media\/553167"}],"wp:attachment":[{"href":"https:\/\/www.europesays.com\/fr\/wp-json\/wp\/v2\/media?parent=553166"}],"wp:term":[{"taxonomy":"category","embeddable":true,"href":"https:\/\/www.europesays.com\/fr\/wp-json\/wp\/v2\/categories?post=553166"},{"taxonomy":"post_tag","embeddable":true,"href":"https:\/\/www.europesays.com\/fr\/wp-json\/wp\/v2\/tags?post=553166"}],"curies":[{"name":"wp","href":"https:\/\/api.w.org\/{rel}","templated":true}]}}