{"id":553172,"date":"2025-11-23T10:28:13","date_gmt":"2025-11-23T10:28:13","guid":{"rendered":"https:\/\/www.europesays.com\/fr\/553172\/"},"modified":"2025-11-23T10:28:13","modified_gmt":"2025-11-23T10:28:13","slug":"pourparlers-a-geneve-la-russie-revendique-trois-localites","status":"publish","type":"post","link":"https:\/\/www.europesays.com\/fr\/553172\/","title":{"rendered":"pourparlers \u00e0 Gen\u00e8ve, la Russie revendique trois localit\u00e9s"},"content":{"rendered":"<p>La Russie revendique la prise de trois localit\u00e9s dans l\u2019Est<\/p>\n<p>L\u2019arm\u00e9e russe a revendiqu\u00e9 dimanche 23\u00a0novembre la prise de trois nouvelles localit\u00e9s dans l\u2019est de l\u2019Ukraine, o\u00f9 elle a l\u2019avantage face aux troupes ukrainiennes, au moment o\u00f9 Ukrainiens, Europ\u00e9ens et Am\u00e9ricains se r\u00e9unissent en Suisse pour \u00e9voquer le plan de Donald Trump.<\/p>\n<p>Le minist\u00e8re russe de la d\u00e9fense a rapport\u00e9 la capture de Petrivsk\u00e9 dans la r\u00e9gion de Donetsk (est), o\u00f9 se d\u00e9roule l\u2019essentiel des combats, et de Tikh\u00e9 et Otradn\u00e9 dans la r\u00e9gion de Dinpropetrovsk (centre-est), o\u00f9 ses troupes ont p\u00e9n\u00e9tr\u00e9 au cours de l\u2019\u00e9t\u00e9 et avancent rapidement.<\/p>\n<p>Rubio \u00e0 Gen\u00e8ve pour des pourparlers<\/p>\n<p><a href=\"https:\/\/www.la-croix.com\/international\/etats-unis-marco-rubio-ancien-rival-de-trump-devenu-la-voix-de-l-amerique-a-linternational-20251023\" data-tracking=\"inpage_click\" data-tracking-action=\"lire un article\" data-tracking-category=\"recirculation\" rel=\"nofollow noopener\" target=\"_blank\">Le secr\u00e9taire d\u2019\u00c9tat am\u00e9ricain Marco Rubio<\/a> est arriv\u00e9 dimanche matin \u00e0 Gen\u00e8ve o\u00f9 des responsables ukrainiens, am\u00e9ricains et europ\u00e9ens se retrouvent pour discuter du plan de Donald Trump pour l\u2019Ukraine, qui fait craindre \u00e0 Kiev une capitulation forc\u00e9e mais ne constitue pas, selon Washington, une offre finale. Le responsable am\u00e9ricain est arriv\u00e9 dans la ville suisse vers 08\u00a0h\u00a030 GMT.<\/p>\n<p>L\u2019administration am\u00e9ricaine pr\u00e9sente d\u00e9sormais comme \u00ab\u00a0un cadre pour des n\u00e9gociations\u00a0\u00bb ce plan en 28 points, qui vise \u00e0 mettre fin au conflit provoqu\u00e9 par pr\u00e8s de quatre ans d\u2019invasion russe.<\/p>\n<p>Salu\u00e9 par le pr\u00e9sident russe Vladimir Poutine, le texte reprend plusieurs exigences cl\u00e9s de Moscou. Le plan a en revanche provoqu\u00e9 un branle-bas de combat chez des alli\u00e9s europ\u00e9ens de l\u2019Ukraine, qui ont multipli\u00e9 les contacts et r\u00e9clam\u00e9 de nouvelles n\u00e9gociations les impliquant.<\/p>\n<p>Trump se dit ouvert \u00e0 la n\u00e9gociation<\/p>\n<p>Donald Trump avait donn\u00e9 jusqu\u2019au 27\u00a0novembre, jour de la f\u00eate de Thanksgiving, \u00e0 son homologue ukrainien Volodymyr Zelensky pour r\u00e9pondre \u00e0 cette proposition de paix.<\/p>\n<p>Mais samedi, le pr\u00e9sident am\u00e9ricain a finalement r\u00e9pondu \u00ab\u00a0non\u00a0\u00bb \u00e0 la question de savoir si <a href=\"https:\/\/www.la-croix.com\/international\/guerre-en-ukraine-donald-trump-met-sur-la-table-un-plan-de-paix-a-l-avantage-de-la-russie-20251120\" data-tracking=\"inpage_click\" data-tracking-action=\"lire un article\" data-tracking-category=\"recirculation\" rel=\"nofollow noopener\" target=\"_blank\">son plan de 28 points propos\u00e9<\/a> pour mettre fin au conflit en\u00a0Ukraine\u00a0\u00e9tait sa \u00ab\u00a0derni\u00e8re offre\u00a0\u00bb. \u00ab\u00a0Nous essayons d\u2019y mettre fin. D\u2019une mani\u00e8re ou d\u2019une autre, nous devons y mettre fin\u00a0\u00bb, a-t-il d\u00e9clar\u00e9 \u00e0 la presse.<\/p>\n<p>Ce texte \u00ab\u00a0pr\u00e9sente un cadre solide de n\u00e9gociations. Il se fonde sur des \u00e9l\u00e9ments fournis par la partie russe mais \u00e9galement sur des apports de l\u2019Ukraine\u00a0\u00bb, a compl\u00e9t\u00e9 son chef de la diplomatie Marco Rubio sur X.<\/p>\n","protected":false},"excerpt":{"rendered":"La Russie revendique la prise de trois localit\u00e9s dans l\u2019Est L\u2019arm\u00e9e russe a revendiqu\u00e9 dimanche 23\u00a0novembre la prise&hellip;\n","protected":false},"author":2,"featured_media":553173,"comment_status":"","ping_status":"","sticky":false,"template":"","format":"standard","meta":{"footnotes":""},"categories":[1591],"tags":[11,1887,12,1885,1886,132],"class_list":{"0":"post-553172","1":"post","2":"type-post","3":"status-publish","4":"format-standard","5":"has-post-thumbnail","7":"category-russie","8":"tag-actualites","9":"tag-federation-de-russie","10":"tag-news","11":"tag-russia","12":"tag-russian-federation","13":"tag-russie"},"share_on_mastodon":{"url":"https:\/\/pubeurope.com\/@fr\/115598544666954847","error":""},"_links":{"self":[{"href":"https:\/\/www.europesays.com\/fr\/wp-json\/wp\/v2\/posts\/553172","targetHints":{"allow":["GET"]}}],"collection":[{"href":"https:\/\/www.europesays.com\/fr\/wp-json\/wp\/v2\/posts"}],"about":[{"href":"https:\/\/www.europesays.com\/fr\/wp-json\/wp\/v2\/types\/post"}],"author":[{"embeddable":true,"href":"https:\/\/www.europesays.com\/fr\/wp-json\/wp\/v2\/users\/2"}],"replies":[{"embeddable":true,"href":"https:\/\/www.europesays.com\/fr\/wp-json\/wp\/v2\/comments?post=553172"}],"version-history":[{"count":0,"href":"https:\/\/www.europesays.com\/fr\/wp-json\/wp\/v2\/posts\/553172\/revisions"}],"wp:featuredmedia":[{"embeddable":true,"href":"https:\/\/www.europesays.com\/fr\/wp-json\/wp\/v2\/media\/553173"}],"wp:attachment":[{"href":"https:\/\/www.europesays.com\/fr\/wp-json\/wp\/v2\/media?parent=553172"}],"wp:term":[{"taxonomy":"category","embeddable":true,"href":"https:\/\/www.europesays.com\/fr\/wp-json\/wp\/v2\/categories?post=553172"},{"taxonomy":"post_tag","embeddable":true,"href":"https:\/\/www.europesays.com\/fr\/wp-json\/wp\/v2\/tags?post=553172"}],"curies":[{"name":"wp","href":"https:\/\/api.w.org\/{rel}","templated":true}]}}