{"id":553174,"date":"2025-11-23T10:29:14","date_gmt":"2025-11-23T10:29:14","guid":{"rendered":"https:\/\/www.europesays.com\/fr\/553174\/"},"modified":"2025-11-23T10:29:14","modified_gmt":"2025-11-23T10:29:14","slug":"washington-defend-son-plan-de-paix-et-affirme-quil-correspond-bien-a-sa-position-liberation","status":"publish","type":"post","link":"https:\/\/www.europesays.com\/fr\/553174\/","title":{"rendered":"Washington d\u00e9fend son plan de paix et affirme qu\u2019il correspond bien \u00e0 sa position \u2013 Lib\u00e9ration"},"content":{"rendered":"<p class=\"sc-cPiKLX AiZTS text-element\">D\u00e9mentir tout avantage donn\u00e9 \u00e0 Vladimir Poutine. Alors que trois s\u00e9nateurs am\u00e9ricains affirment que le plan de r\u00e8glement du conflit en Ukraine <a href=\"https:\/\/www.liberation.fr\/international\/europe\/en-direct-guerre-en-ukraine-face-au-plan-de-paix-americain-zelensky-proposera-des-alternatives-20251121_2IZXPAIUZ5A7HG5IR4TV34TGJ4\/\" target=\"_blank\" rel=\"nofollow noopener\" title=\"https:\/\/www.liberation.fr\/international\/europe\/en-direct-guerre-en-ukraine-face-au-plan-de-paix-americain-zelensky-proposera-des-alternatives-20251121_2IZXPAIUZ5A7HG5IR4TV34TGJ4\/\">est compl\u00e8tement favorable aux int\u00e9r\u00eats russes<\/a>, le chef de la diplomatie am\u00e9ricaine se veut ferme : \u00abLa <a href=\"https:\/\/www.liberation.fr\/international\/europe\/plan-de-trump-pour-lukraine-les-28-mesures-du-plan-concocte-par-le-president-americain-20251121_I27S3F6BYFFENCKEPDWUMUW2K4\/\" target=\"_blank\" rel=\"nofollow noopener\" title=\"https:\/\/www.liberation.fr\/international\/europe\/plan-de-trump-pour-lukraine-les-28-mesures-du-plan-concocte-par-le-president-americain-20251121_I27S3F6BYFFENCKEPDWUMUW2K4\/\">proposition de paix<\/a> a \u00e9t\u00e9 r\u00e9dig\u00e9e par les Etats-Unis\u00bb, a contest\u00e9 Marco Rubio sur X samedi 22 novembre. Peu avant lui, le porte-parole du d\u00e9partement d\u2019Etat avait critiqu\u00e9 les d\u00e9clarations des \u00e9lus comme \u00e9tant \u00abcompl\u00e8tement fausses\u00bb.<\/p>\n<p class=\"sc-cPiKLX AiZTS text-element\">Ce texte \u00abpr\u00e9sente un cadre solide de n\u00e9gociations. Il se fonde sur des \u00e9l\u00e9ments fournis par la partie russe mais \u00e9galement sur des apports de l\u2019Ukraine\u00bb, a argument\u00e9 Marco Rubio. Or, d\u2019apr\u00e8s les trois \u00e9lus du Congr\u00e8s (le r\u00e9publicain Mike Rounds, l\u2019ind\u00e9pendant Angus King et la d\u00e9mocrate Jeanne Shaheen. D\u2019apr\u00e8s eux) le secr\u00e9taire d\u2019Etat leur aurait confi\u00e9 <a href=\"https:\/\/www.liberation.fr\/international\/europe\/territoires-cedes-a-la-russie-armee-ukrainienne-reduite-de-moitie-amnistie-totale-ce-que-contient-le-plan-americain-pour-un-cessez-le-feu-en-ukraine-20251121_ESVY5CGLPFESFLGB24FYSKHYEE\/\" target=\"_blank\" rel=\"nofollow noopener\" title=\"https:\/\/www.liberation.fr\/international\/europe\/territoires-cedes-a-la-russie-armee-ukrainienne-reduite-de-moitie-amnistie-totale-ce-que-contient-le-plan-americain-pour-un-cessez-le-feu-en-ukraine-20251121_ESVY5CGLPFESFLGB24FYSKHYEE\/\">que le document<\/a> ne correspond pas \u00e0 la position officielle des Etats-Unis. Elle repr\u00e9senterait simplement un point de d\u00e9part pour des discussions et inclurait une \u00abliste de souhaits russe\u00bb.<\/p>\n<p class=\"sc-cPiKLX AiZTS text-element\">\u00abLe secr\u00e9taire Rubio nous a appel\u00e9s cet apr\u00e8s-midi. Je pense qu\u2019il nous a tr\u00e8s clairement expliqu\u00e9 que nous sommes les destinataires d\u2019une proposition qui a \u00e9t\u00e9 transmise \u00e0 l\u2019un de nos repr\u00e9sentants. Ce n\u2019est pas notre recommandation. Ce n\u2019est pas notre plan de paix\u00bb, avait ainsi martel\u00e9 le s\u00e9nateur Rounds, en marge d\u2019une r\u00e9union sur la s\u00e9curit\u00e9 au Canada.<\/p>\n<p class=\"sc-cPiKLX AiZTS text-element\">Le document, publi\u00e9 par plusieurs m\u00e9dias dont l\u2019AFP, reprend plusieurs exigences cl\u00e9s de la Russie. A savoir que l\u2019Ukraine lui c\u00e8de des territoires, accepte de r\u00e9duire la taille de son arm\u00e9e et renonce \u00e0 int\u00e9grer l\u2019Otan. Il offre cependant des garanties de s\u00e9curit\u00e9 occidentales \u00e0 Kiev pour pr\u00e9venir toute nouvelle attaque russe.<\/p>\n<p class=\"sc-cPiKLX AiZTS text-element\">Les d\u00e9clarations des s\u00e9nateurs <a href=\"https:\/\/www.liberation.fr\/international\/europe\/guerre-en-ukraine-les-europeens-et-kyiv-pris-de-court-par-le-nouveau-plan-americano-russe-20251120_GPPCW5O3C5E4JO2R3ZJGWP7UYU\/\" target=\"_blank\" rel=\"nofollow noopener\" title=\"https:\/\/www.liberation.fr\/international\/europe\/guerre-en-ukraine-les-europeens-et-kyiv-pris-de-court-par-le-nouveau-plan-americano-russe-20251120_GPPCW5O3C5E4JO2R3ZJGWP7UYU\/\">ne vont pas rassurer les Europ\u00e9ens sur le plan am\u00e9ricain<\/a>. 28 points cens\u00e9s mettre fin \u00e0 pr\u00e8s de quatre ans de conflit provoqu\u00e9 par l\u2019invasion russe. Marc Rubio a d\u2019ailleurs atterri ce dimanche matin \u00e0 Gen\u00e8ve, avec l\u2019\u00e9missaire sp\u00e9cial de Donald Trump, Steve Witkoff, pour des discussions avec les Ukrainiens et les Europ\u00e9ens. Les conseillers \u00e0 la s\u00e9curit\u00e9 nationale des dirigeants fran\u00e7ais, allemand, britannique et italienne y prendront part.<\/p>\n<p class=\"sc-cPiKLX AiZTS text-element\">Donald Trump <a href=\"https:\/\/www.liberation.fr\/international\/amerique\/plan-de-paix-washington-lance-un-ultimatum-a-lukraine-pour-la-contraindre-a-signer-20251121_N22NG5GWUFGBXD764GO7F72VDI\/\" target=\"_blank\" rel=\"nofollow noopener\" title=\"https:\/\/www.liberation.fr\/international\/amerique\/plan-de-paix-washington-lance-un-ultimatum-a-lukraine-pour-la-contraindre-a-signer-20251121_N22NG5GWUFGBXD764GO7F72VDI\/\">avait donn\u00e9 jusqu\u2019au 27 novembre<\/a>, jour de la f\u00eate de Thanksgiving, \u00e0 Volodymyr Zelensky pour donner sa r\u00e9ponse aux solutions propos\u00e9es. Mais il a aussi fait savoir samedi, en r\u00e9pondant \u00e0 une question, que ce plan de r\u00e8glement ne serait pas \u00absa derni\u00e8re offre\u00bb. \u00abD\u2019une mani\u00e8re ou d\u2019une autre, nous devons y mettre fin\u00bb, a d\u00e9clar\u00e9 le pr\u00e9sident devant la presse, sans toutefois donner davantage de d\u00e9tails.<\/p>\n","protected":false},"excerpt":{"rendered":"D\u00e9mentir tout avantage donn\u00e9 \u00e0 Vladimir Poutine. Alors que trois s\u00e9nateurs am\u00e9ricains affirment que le plan de r\u00e8glement&hellip;\n","protected":false},"author":2,"featured_media":553175,"comment_status":"","ping_status":"","sticky":false,"template":"","format":"standard","meta":{"footnotes":""},"categories":[1590],"tags":[11,75,73,1777,674,12,220,297],"class_list":{"0":"post-553174","1":"post","2":"type-post","3":"status-publish","4":"format-standard","5":"has-post-thumbnail","7":"category-ukraine","8":"tag-actualites","9":"tag-donald-trump","10":"tag-etats-unis","11":"tag-eu","12":"tag-europe","13":"tag-news","14":"tag-ukraine","15":"tag-ukraine-la-crise"},"share_on_mastodon":{"url":"https:\/\/pubeurope.com\/@fr\/115598548486316332","error":""},"_links":{"self":[{"href":"https:\/\/www.europesays.com\/fr\/wp-json\/wp\/v2\/posts\/553174","targetHints":{"allow":["GET"]}}],"collection":[{"href":"https:\/\/www.europesays.com\/fr\/wp-json\/wp\/v2\/posts"}],"about":[{"href":"https:\/\/www.europesays.com\/fr\/wp-json\/wp\/v2\/types\/post"}],"author":[{"embeddable":true,"href":"https:\/\/www.europesays.com\/fr\/wp-json\/wp\/v2\/users\/2"}],"replies":[{"embeddable":true,"href":"https:\/\/www.europesays.com\/fr\/wp-json\/wp\/v2\/comments?post=553174"}],"version-history":[{"count":0,"href":"https:\/\/www.europesays.com\/fr\/wp-json\/wp\/v2\/posts\/553174\/revisions"}],"wp:featuredmedia":[{"embeddable":true,"href":"https:\/\/www.europesays.com\/fr\/wp-json\/wp\/v2\/media\/553175"}],"wp:attachment":[{"href":"https:\/\/www.europesays.com\/fr\/wp-json\/wp\/v2\/media?parent=553174"}],"wp:term":[{"taxonomy":"category","embeddable":true,"href":"https:\/\/www.europesays.com\/fr\/wp-json\/wp\/v2\/categories?post=553174"},{"taxonomy":"post_tag","embeddable":true,"href":"https:\/\/www.europesays.com\/fr\/wp-json\/wp\/v2\/tags?post=553174"}],"curies":[{"name":"wp","href":"https:\/\/api.w.org\/{rel}","templated":true}]}}