{"id":553176,"date":"2025-11-23T10:30:27","date_gmt":"2025-11-23T10:30:27","guid":{"rendered":"https:\/\/www.europesays.com\/fr\/553176\/"},"modified":"2025-11-23T10:30:27","modified_gmt":"2025-11-23T10:30:27","slug":"francs-jeux-les-etats-unis-en-operation-seduction-a-lausanne","status":"publish","type":"post","link":"https:\/\/www.europesays.com\/fr\/553176\/","title":{"rendered":"Francs Jeux Les \u00c9tats-Unis en op\u00e9ration s\u00e9duction \u00e0 Lausanne"},"content":{"rendered":"<p>\u2014 Publi\u00e9 le 23 novembre 2025<\/p>\n<p>\t\t\t\t\t\t\t\t\t\t\t<a href=\"https:\/\/www.francsjeux.com\/categorie\/lausanne\/\" target=\"_blank\" rel=\"noopener\">Lausanne<\/a>\t\t\t\t\t\t\t\t\t\t\t\t\t\t\t\t\t\t\t\t\t<\/p>\n<p>\t\t\t\t                  <img loading=\"lazy\" decoding=\"async\" class=\"alignnone wp-image-108755\" src=\"https:\/\/www.europesays.com\/fr\/wp-content\/uploads\/2025\/11\/keh9nxd3jxzqbdcvjrt3-e1763334566811.jpg\" alt=\"\" width=\"1000\" height=\"631\"  \/><\/p>\n<p>L\u2019organisation am\u00e9ricaine Sports Events &amp; Tourism (Sports ETA) organisera une visite historique pour le compte de <strong>16 villes\/r\u00e9gions des \u00c9tats-Unis<\/strong> \u00e0 Lausanne du 3 au 5 d\u00e9cembre. Le but : <strong>rencontrer les dirigeants des f\u00e9d\u00e9rations internationales et les organisateurs d\u2019\u00e9v\u00e9nements<\/strong> afin de les convaincre de l\u2019int\u00e9r\u00eat de regarder de l\u2019autre c\u00f4t\u00e9 de l\u2019Atlantique.<\/p>\n<p>La d\u00e9l\u00e9gation comprendra des repr\u00e9sentants de Baltimore (Maryland), Boston (Massachusetts), Cleveland (Ohio), Columbus (Ohio), Detroit (Michigan), Las Vegas (Nevada), Miami (Floride), La Nouvelle-Orl\u00e9ans (Louisiane), Phoenix (Arizona), Portland (Oregon), Raleigh-Durham (Caroline du Nord), Salt Lake City (Utah), Washington et enfin l\u2019\u00c9tat de Floride. <strong>Une r\u00e9ception est pr\u00e9vue au Mus\u00e9e olympique le 3 d\u00e9cembre<\/strong>, avant des sessions de r\u00e9seautage le lendemain.<\/p>\n<p>\u00ab Diriger la toute premi\u00e8re d\u00e9l\u00e9gation internationale de Sports ETA est une \u00e9tape historique pour notre organisation et pour 16 de nos principales destinations d\u2019accueil aux \u00c9tats-Unis, explique John David, directeur g\u00e9n\u00e9ral de Sports ETA. Cette visite \u00e0 Lausanne souligne <strong>l\u2019opportunit\u00e9 sans pr\u00e9c\u00e9dent qui s\u2019offre \u00e0 nous<\/strong> alors que les \u00c9tats-Unis se pr\u00e9parent \u00e0 accueillir certains des plus grands \u00e9v\u00e9nements sportifs de la prochaine d\u00e9cennie. Nous sommes impatients de voir nos membres renforcer leurs relations avec la communaut\u00e9 sportive mondiale et <strong>cr\u00e9er des partenariats durables<\/strong> qui d\u00e9finiront cette nouvelle \u00e8re du tourisme sportif. \u00bb<\/p>\n<p class=\"tags\">\u00c9tiquettes :  <a href=\"https:\/\/www.francsjeux.com\/tag\/etats-unis\/\" rel=\"tag noopener\" target=\"_blank\">Etats Unis<\/a>, <a href=\"https:\/\/www.francsjeux.com\/tag\/lausanne\/\" rel=\"tag noopener\" target=\"_blank\">Lausanne<\/a><\/p>\n","protected":false},"excerpt":{"rendered":"\u2014 Publi\u00e9 le 23 novembre 2025 Lausanne L\u2019organisation am\u00e9ricaine Sports Events &amp; Tourism (Sports ETA) organisera une visite&hellip;\n","protected":false},"author":2,"featured_media":553177,"comment_status":"","ping_status":"","sticky":false,"template":"","format":"standard","meta":{"footnotes":""},"categories":[1589],"tags":[11,73,1866,12,1864,1865,1863,308],"class_list":{"0":"post-553176","1":"post","2":"type-post","3":"status-publish","4":"format-standard","5":"has-post-thumbnail","7":"category-etats-unis","8":"tag-actualites","9":"tag-etats-unis","10":"tag-etats-unis-damerique","11":"tag-news","12":"tag-united-states","13":"tag-united-states-of-america","14":"tag-us","15":"tag-usa"},"share_on_mastodon":{"url":"https:\/\/pubeurope.com\/@fr\/115598553256296246","error":""},"_links":{"self":[{"href":"https:\/\/www.europesays.com\/fr\/wp-json\/wp\/v2\/posts\/553176","targetHints":{"allow":["GET"]}}],"collection":[{"href":"https:\/\/www.europesays.com\/fr\/wp-json\/wp\/v2\/posts"}],"about":[{"href":"https:\/\/www.europesays.com\/fr\/wp-json\/wp\/v2\/types\/post"}],"author":[{"embeddable":true,"href":"https:\/\/www.europesays.com\/fr\/wp-json\/wp\/v2\/users\/2"}],"replies":[{"embeddable":true,"href":"https:\/\/www.europesays.com\/fr\/wp-json\/wp\/v2\/comments?post=553176"}],"version-history":[{"count":0,"href":"https:\/\/www.europesays.com\/fr\/wp-json\/wp\/v2\/posts\/553176\/revisions"}],"wp:featuredmedia":[{"embeddable":true,"href":"https:\/\/www.europesays.com\/fr\/wp-json\/wp\/v2\/media\/553177"}],"wp:attachment":[{"href":"https:\/\/www.europesays.com\/fr\/wp-json\/wp\/v2\/media?parent=553176"}],"wp:term":[{"taxonomy":"category","embeddable":true,"href":"https:\/\/www.europesays.com\/fr\/wp-json\/wp\/v2\/categories?post=553176"},{"taxonomy":"post_tag","embeddable":true,"href":"https:\/\/www.europesays.com\/fr\/wp-json\/wp\/v2\/tags?post=553176"}],"curies":[{"name":"wp","href":"https:\/\/api.w.org\/{rel}","templated":true}]}}