{"id":553180,"date":"2025-11-23T10:33:17","date_gmt":"2025-11-23T10:33:17","guid":{"rendered":"https:\/\/www.europesays.com\/fr\/553180\/"},"modified":"2025-11-23T10:33:17","modified_gmt":"2025-11-23T10:33:17","slug":"cop30-france-allemagne-pays-bas-mais-pourquoi-les-procedures-des-activistes-climatiques-contre-les-etats-democratiques-sont-elles-recevables","status":"publish","type":"post","link":"https:\/\/www.europesays.com\/fr\/553180\/","title":{"rendered":"COP30 : France, Allemagne, Pays-Bas\u2026 : mais pourquoi les proc\u00e9dures des activistes climatiques contre les \u00c9tats d\u00e9mocratiques sont-elles recevables ?"},"content":{"rendered":"<p class=\"font-sourceSerif text-lg font-normal leading-[1.35] tracking-[0.02em] text-gray10 md:!text-2xl\">En marge de la COP30, les proc\u00e9dures climatiques engag\u00e9es contre les \u00c9tats d\u00e9mocratiques se multiplient en Europe, nourrissant un d\u00e9bat br\u00fblant. Entre instrumentalisation suppos\u00e9e du droit, \u00e9volution profonde des notions de responsabilit\u00e9 publique et mont\u00e9e d\u2019un activisme judiciaire structur\u00e9, ces contentieux menacent de plus en plus la souverainet\u00e9 d\u00e9mocratique et la comp\u00e9titivit\u00e9 \u00e9conomique.<\/p>\n","protected":false},"excerpt":{"rendered":"En marge de la COP30, les proc\u00e9dures climatiques engag\u00e9es contre les \u00c9tats d\u00e9mocratiques se multiplient en Europe, nourrissant&hellip;\n","protected":false},"author":2,"featured_media":553181,"comment_status":"","ping_status":"","sticky":false,"template":"","format":"standard","meta":{"footnotes":""},"categories":[1587],"tags":[11,672,1804,1129,4073,1805,1803,436,1777,674,27,1801,67031,303,14027,12,11356,934,67030,5140,1802,67032,33846],"class_list":{"0":"post-553180","1":"post","2":"type-post","3":"status-publish","4":"format-standard","5":"has-post-thumbnail","7":"category-allemagne","8":"tag-actualites","9":"tag-allemagne","10":"tag-bundesrepublik-deutschland","11":"tag-climat","12":"tag-condamnation","13":"tag-de","14":"tag-deutschland","15":"tag-environnement","16":"tag-eu","17":"tag-europe","18":"tag-france","19":"tag-germany","20":"tag-inaction-climatique","21":"tag-justice","22":"tag-militants","23":"tag-news","24":"tag-ong","25":"tag-pays-bas","26":"tag-proces-du-siecle","27":"tag-rechauffement-climatique","28":"tag-republique-federale-dallemagne","29":"tag-shell","30":"tag-totalenergies"},"share_on_mastodon":{"url":"https:\/\/pubeurope.com\/@fr\/115598564137451147","error":""},"_links":{"self":[{"href":"https:\/\/www.europesays.com\/fr\/wp-json\/wp\/v2\/posts\/553180","targetHints":{"allow":["GET"]}}],"collection":[{"href":"https:\/\/www.europesays.com\/fr\/wp-json\/wp\/v2\/posts"}],"about":[{"href":"https:\/\/www.europesays.com\/fr\/wp-json\/wp\/v2\/types\/post"}],"author":[{"embeddable":true,"href":"https:\/\/www.europesays.com\/fr\/wp-json\/wp\/v2\/users\/2"}],"replies":[{"embeddable":true,"href":"https:\/\/www.europesays.com\/fr\/wp-json\/wp\/v2\/comments?post=553180"}],"version-history":[{"count":0,"href":"https:\/\/www.europesays.com\/fr\/wp-json\/wp\/v2\/posts\/553180\/revisions"}],"wp:featuredmedia":[{"embeddable":true,"href":"https:\/\/www.europesays.com\/fr\/wp-json\/wp\/v2\/media\/553181"}],"wp:attachment":[{"href":"https:\/\/www.europesays.com\/fr\/wp-json\/wp\/v2\/media?parent=553180"}],"wp:term":[{"taxonomy":"category","embeddable":true,"href":"https:\/\/www.europesays.com\/fr\/wp-json\/wp\/v2\/categories?post=553180"},{"taxonomy":"post_tag","embeddable":true,"href":"https:\/\/www.europesays.com\/fr\/wp-json\/wp\/v2\/tags?post=553180"}],"curies":[{"name":"wp","href":"https:\/\/api.w.org\/{rel}","templated":true}]}}