{"id":553182,"date":"2025-11-23T10:34:11","date_gmt":"2025-11-23T10:34:11","guid":{"rendered":"https:\/\/www.europesays.com\/fr\/553182\/"},"modified":"2025-11-23T10:34:11","modified_gmt":"2025-11-23T10:34:11","slug":"cest-totalement-inacceptable-pour-les-ukrainiens-et-les-europeens-estime-herve-morin","status":"publish","type":"post","link":"https:\/\/www.europesays.com\/fr\/553182\/","title":{"rendered":"\u00abC\u2019est totalement inacceptable (&#8230;) pour les Ukrainiens (&#8230;) et les Europ\u00e9ens\u00bb, estime Herv\u00e9 Morin"},"content":{"rendered":"<p class=\"intro \">Le \u00ab\u00a0projet de plan\u00a0\u00bb de paix am\u00e9ricain pour mettre fin \u00e0 la guerre en Ukraine a \u00e9t\u00e9 rejet\u00e9 par Kiev jeudi 20 novembre. Ce plan est \u00ab\u00a0totalement inacceptable\u00a0\u00bb pour Herv\u00e9 Morin, ancien ministre de la D\u00e9fense et invit\u00e9 du Grand Rendez-vous Europe 1\/CNews\/Les Echos. <\/p>\n<p>Les Etats-Unis ont envoy\u00e9 jeudi 20 novembre un <a href=\"https:\/\/www.europe1.fr\/international\/guerre-en-ukraine-un-projet-de-plan-sur-la-paix-envoye-par-les-etats-unis-a-kiev-872105\" rel=\"nofollow noopener\" target=\"_blank\">\u00ab\u00a0projet de plan\u00a0\u00bb<\/a> de paix \u00e0 Kiev pour mettre fin \u00e0 la guerre en Ukraine. Une proposition <a href=\"https:\/\/www.europe1.fr\/international\/ukraine-volodymyr-zelensky-repousse-le-plan-americain-visant-a-mettre-fin-au-conflit-872243\" rel=\"nofollow noopener\" target=\"_blank\">repouss\u00e9e par Volodymyr Zelensky<\/a> le lendemain, qui s&rsquo;est tout de m\u00eame dit ouvert aux n\u00e9gociations.\u00a0<\/p>\n<p>    La suite apr\u00e8s cette publicit\u00e9<\/p>\n<p>    La suite apr\u00e8s cette publicit\u00e9<\/p>\n<p>Pour Herv\u00e9 Morin, ancien ministre de la D\u00e9fense et invit\u00e9 du <a href=\"https:\/\/www.europe1.fr\/emissions\/Le-grand-rendez-vous\" rel=\"nofollow noopener\" target=\"_blank\">Grand Rendez-vous Europe 1\/CNews\/Les Echos<\/a>, cette proposition de plan est \u00ab\u00a0totalement inacceptable\u00a0\u00bb.\u00a0<\/p>\n<p>La n\u00e9cessit\u00e9 d&rsquo;une \u00ab\u00a0fermet\u00e9 absolue \u00e0 l&rsquo;\u00e9gard des Russes\u00a0\u00bb\u00a0<\/p>\n<p>\u00ab\u00a0Cet accord, c&rsquo;est un renoncement total, c&rsquo;est une capitulation\u00a0\u00bb, estime Herv\u00e9 Morin. \u00ab\u00a0C&rsquo;est inacceptable, non seulement pour les Ukrainiens\u00a0\u00bb, mais aussi \u00ab\u00a0pour les Europ\u00e9ens\u00a0\u00bb, poursuit-il.\u00a0<\/p>\n<p>    La suite apr\u00e8s cette publicit\u00e9<\/p>\n<p>    La suite apr\u00e8s cette publicit\u00e9<\/p>\n<p>Pour l&rsquo;ancien ministre de la D\u00e9fense, l&rsquo;Ukraine est ainsi mise \u00ab\u00a0sous tutelle sans avoir aucune garantie de paix et de s\u00e9curit\u00e9, avec une arm\u00e9e qui est r\u00e9duite de moiti\u00e9, pas le droit d&rsquo;aviation. On abandonne les crimes de guerre, les crimes contre l&rsquo;humanit\u00e9, on r\u00e9int\u00e8gre la Russie dans toutes les organisations internationales\u00a0\u00bb, d\u00e9plore-t-il.<\/p>\n<p>Ce plan est \u00e9galement \u00ab\u00a0inacceptable pour les Europ\u00e9ens\u00a0\u00bb. \u00ab\u00a0Si on donne raison aux Russes sur l&rsquo;Ukraine, dans ce cas, qu&rsquo;est-ce qui pourrait les amener \u00e0 consid\u00e9rer qu&rsquo;on va commencer \u00e0 cr\u00e9er les m\u00eames d\u00e9stabilisations des pays baltes ou des voisins imm\u00e9diats?\u00a0\u00bb, questionne Herv\u00e9 Morin.<\/p>\n<p>    La suite apr\u00e8s cette publicit\u00e9<\/p>\n<p>    La suite apr\u00e8s cette publicit\u00e9<\/p>\n<p>Pour prot\u00e9ger, il estime alors que l&rsquo;on doit \u00ab\u00a0avoir une fermet\u00e9 absolue \u00e0 l&rsquo;\u00e9gard des Russes\u00a0\u00bb et \u00ab\u00a0absolument dire non sur un accord de ce genre\u00a0\u00bb.<\/p>\n<p>\u00a0<\/p>\n","protected":false},"excerpt":{"rendered":"Le \u00ab\u00a0projet de plan\u00a0\u00bb de paix am\u00e9ricain pour mettre fin \u00e0 la guerre en Ukraine a \u00e9t\u00e9 rejet\u00e9&hellip;\n","protected":false},"author":2,"featured_media":553183,"comment_status":"","ping_status":"","sticky":false,"template":"","format":"standard","meta":{"footnotes":""},"categories":[1586],"tags":[11,1777,674,1011,27,12,25],"class_list":{"0":"post-553182","1":"post","2":"type-post","3":"status-publish","4":"format-standard","5":"has-post-thumbnail","7":"category-europe","8":"tag-actualites","9":"tag-eu","10":"tag-europe","11":"tag-fr","12":"tag-france","13":"tag-news","14":"tag-republique-francaise"},"share_on_mastodon":{"url":"https:\/\/pubeurope.com\/@fr\/115598567962768155","error":""},"_links":{"self":[{"href":"https:\/\/www.europesays.com\/fr\/wp-json\/wp\/v2\/posts\/553182","targetHints":{"allow":["GET"]}}],"collection":[{"href":"https:\/\/www.europesays.com\/fr\/wp-json\/wp\/v2\/posts"}],"about":[{"href":"https:\/\/www.europesays.com\/fr\/wp-json\/wp\/v2\/types\/post"}],"author":[{"embeddable":true,"href":"https:\/\/www.europesays.com\/fr\/wp-json\/wp\/v2\/users\/2"}],"replies":[{"embeddable":true,"href":"https:\/\/www.europesays.com\/fr\/wp-json\/wp\/v2\/comments?post=553182"}],"version-history":[{"count":0,"href":"https:\/\/www.europesays.com\/fr\/wp-json\/wp\/v2\/posts\/553182\/revisions"}],"wp:featuredmedia":[{"embeddable":true,"href":"https:\/\/www.europesays.com\/fr\/wp-json\/wp\/v2\/media\/553183"}],"wp:attachment":[{"href":"https:\/\/www.europesays.com\/fr\/wp-json\/wp\/v2\/media?parent=553182"}],"wp:term":[{"taxonomy":"category","embeddable":true,"href":"https:\/\/www.europesays.com\/fr\/wp-json\/wp\/v2\/categories?post=553182"},{"taxonomy":"post_tag","embeddable":true,"href":"https:\/\/www.europesays.com\/fr\/wp-json\/wp\/v2\/tags?post=553182"}],"curies":[{"name":"wp","href":"https:\/\/api.w.org\/{rel}","templated":true}]}}