{"id":553186,"date":"2025-11-23T10:36:14","date_gmt":"2025-11-23T10:36:14","guid":{"rendered":"https:\/\/www.europesays.com\/fr\/553186\/"},"modified":"2025-11-23T10:36:14","modified_gmt":"2025-11-23T10:36:14","slug":"lando-norris-et-oscar-piastri-disqualifies-du-grand-prix-de-las-vegas-max-verstappen-relance-dans-la-course-au-titre-lequipe","status":"publish","type":"post","link":"https:\/\/www.europesays.com\/fr\/553186\/","title":{"rendered":"Lando Norris et Oscar Piastri disqualifi\u00e9s du Grand Prix de Las Vegas, Max Verstappen relanc\u00e9 dans la course au titre &#8211; L&#039;\u00c9quipe"},"content":{"rendered":"<ol>\n<li><a href=\"https:\/\/news.google.com\/rss\/articles\/CBMi_AFBVV95cUxPeVZZTlNFRWtfc29JTjh1YVhQNm5QVWdFbXh3Snh4T0VYeElwal9TeloyQzFKdEcydl9zbXFNYkJvaV9abEphejNfS3k4bUw5dmJRcFZKZzNtU2lSTGFoNnZ3X0dKTHpmQWhhSk1GdDV4SmVMNGh6MzYxbnhjSFJnSVZsZXU0RHNvRHpFZXhlSktFZUcyaUxmQ2lxYWE2V0pMMURzcmVhdTlyTEktc3R6OVZZU2ZzX1RmWHZxU1hTTmpubHpZS2R3UWsyZlJJbW1BdjcwV3YyQV9idFBBaXMta1Y0c1AtdHluMVVNRXVvbW0wM3BfVG11R2Vra0M?oc=5\" target=\"_blank\" rel=\"nofollow noopener\">Lando Norris et Oscar Piastri disqualifi\u00e9s du Grand Prix de Las Vegas, Max Verstappen relanc\u00e9 dans la course au titre<\/a>&nbsp;&nbsp;L&rsquo;\u00c9quipe<\/li>\n<li><a href=\"https:\/\/news.google.com\/rss\/articles\/CBMinAFBVV95cUxOeFhaS083cmVZamlKazNTSkRVX25hLTNMWGI0em1pVlc2NmplaWhyY0hxRjJiM0pDV1lKUzlSWXN2czBIUkN4UExSMWlQZ1NLa3FibFBpb1dreWR4eGNTRV9pVTFNZWY1UU94cWtoelFwVDE4SGJYclRfZThHRHFBbEpLWTVzNkVBY3JlaE9pSExiSVJ3Zk5FV2l0WHE?oc=5\" target=\"_blank\" rel=\"nofollow noopener\">Disqualification des McLaren : voici la d\u00e9cision compl\u00e8te<\/a>&nbsp;&nbsp;Motorsport.com<\/li>\n<li><a href=\"https:\/\/news.google.com\/rss\/articles\/CBMi_wFBVV95cUxOZklQNC1FTjRMZmNJcFFOd3pvT2twLXpfV0duQnktSVNXSnMyc0JZVWtnTG81bmRhTFFXZGo5ckI0Q1N4bnRLU2lKdEMtS1pFcm11Z0pLb290a2ptdjdTV1NYRXpGN1hXbV91X05BZ0lDY29iTVY4MXZYTXJDNk5nTU81d21uTVU4XzVuTTZBZEViVWxDaC05MW5BQ1VvS2xKSUJ0WDZTcUkwX1kzVXEtQVM1S0xLay1xcGJPWVlQdnlHbEctam5TelFXYWZhNHRiUHJLY2syVmdsRDJwMjVES1VBeVNhaEdEZ1gzVVZodUhXMXJXUVJpeGNIZTNDRUU?oc=5\" target=\"_blank\" rel=\"nofollow noopener\">F1. Comment la double disqualification des McLaren relance compl\u00e8tement la course au titre<\/a>&nbsp;&nbsp;Ouest-France<\/li>\n<li><a href=\"https:\/\/news.google.com\/rss\/articles\/CBMiuwFBVV95cUxNWGZZSXIxUjQxVnlBR2g0b1BYV0M0UFpyMTZlQ25sM3JMUUI3aG0ycFhfLXl1WjdRUmNpMFNaSXRnTnhmQ2tTN0x0MmRKVGoyWEY3ck1qdjBxdmdvVGNleG1SNXR1NldWdWxJZG1ZSl9va1kzRjZGaE9tdmZWeGhwb2s0dkdhbkVQR0pjLTVLamtCUWdVSWE3RGZ2YVRLOXVaMHRyNUd4UmF4YXEwd1ZGeEs1ZTZMVWdwRlFv?oc=5\" target=\"_blank\" rel=\"nofollow noopener\">Formule 1 : coup de tonnerre \u00e0 Las Vegas, Norris et Piastri disqualifi\u00e9s<\/a>&nbsp;&nbsp;Le Figaro<\/li>\n<li><a href=\"https:\/\/news.google.com\/rss\/articles\/CBMitgJBVV95cUxQV295cG9MQlpPVzlxYkpLR1BCLXZ0ckJYcE5ITFM3b0IyUnQ2N3J6UXNMRFRwSVNwUWpzT2JKSzlhMkJ4dUx5eV9xa3l4V0NSSVVTbmJlaXJSMGY3bVJHN3dYMF9rVHh4ZTQySURyZXM4SHBrNkh3ckw2MENnbjJ1eUNBOWVhdVZ1dEpfU3RGd3NraDIwWXJnV1JiZXVvd0gteTBER1RJa2tOeEpMbUt1RTFmdk1BRC1wd2xLNEJ1bWw2N1VJaGY2SVRiNll3RThFZGJoMWkwWEJWRXhWZWZWaVJWZmpONlNUak4zZHVUR196bTNiMjkzUkdBckV5MUNBbEVEY2RSajBLUkZtenFnVGRnZE9DSWpGeFpmam1mYUpqbEd1YTVuRkZhdkt0dGttZkZhbTVR?oc=5\" target=\"_blank\" rel=\"nofollow noopener\">Vers un double coup de tonnerre ? Les deux McLaren sont sous enqu\u00eate<\/a>&nbsp;&nbsp;Eurosport<\/li>\n<\/ol>\n","protected":false},"excerpt":{"rendered":"Lando Norris et Oscar Piastri disqualifi\u00e9s du Grand Prix de Las Vegas, Max Verstappen relanc\u00e9 dans la course&hellip;\n","protected":false},"author":2,"featured_media":395849,"comment_status":"","ping_status":"","sticky":false,"template":"","format":"standard","meta":{"footnotes":""},"categories":[2],"tags":[11,1011,27,12,25],"class_list":{"0":"post-553186","1":"post","2":"type-post","3":"status-publish","4":"format-standard","5":"has-post-thumbnail","7":"category-actualites","8":"tag-actualites","9":"tag-fr","10":"tag-france","11":"tag-news","12":"tag-republique-francaise"},"share_on_mastodon":{"url":"https:\/\/pubeurope.com\/@fr\/115598575867118983","error":""},"_links":{"self":[{"href":"https:\/\/www.europesays.com\/fr\/wp-json\/wp\/v2\/posts\/553186","targetHints":{"allow":["GET"]}}],"collection":[{"href":"https:\/\/www.europesays.com\/fr\/wp-json\/wp\/v2\/posts"}],"about":[{"href":"https:\/\/www.europesays.com\/fr\/wp-json\/wp\/v2\/types\/post"}],"author":[{"embeddable":true,"href":"https:\/\/www.europesays.com\/fr\/wp-json\/wp\/v2\/users\/2"}],"replies":[{"embeddable":true,"href":"https:\/\/www.europesays.com\/fr\/wp-json\/wp\/v2\/comments?post=553186"}],"version-history":[{"count":0,"href":"https:\/\/www.europesays.com\/fr\/wp-json\/wp\/v2\/posts\/553186\/revisions"}],"wp:featuredmedia":[{"embeddable":true,"href":"https:\/\/www.europesays.com\/fr\/wp-json\/wp\/v2\/media\/395849"}],"wp:attachment":[{"href":"https:\/\/www.europesays.com\/fr\/wp-json\/wp\/v2\/media?parent=553186"}],"wp:term":[{"taxonomy":"category","embeddable":true,"href":"https:\/\/www.europesays.com\/fr\/wp-json\/wp\/v2\/categories?post=553186"},{"taxonomy":"post_tag","embeddable":true,"href":"https:\/\/www.europesays.com\/fr\/wp-json\/wp\/v2\/tags?post=553186"}],"curies":[{"name":"wp","href":"https:\/\/api.w.org\/{rel}","templated":true}]}}