{"id":553197,"date":"2025-11-23T10:47:16","date_gmt":"2025-11-23T10:47:16","guid":{"rendered":"https:\/\/www.europesays.com\/fr\/553197\/"},"modified":"2025-11-23T10:47:16","modified_gmt":"2025-11-23T10:47:16","slug":"team-vern-35-feminin-leffectif-2026-actualite","status":"publish","type":"post","link":"https:\/\/www.europesays.com\/fr\/553197\/","title":{"rendered":"Team Vern 35 F\u00e9minin : L\u2019effectif 2026 &#8211; Actualit\u00e9"},"content":{"rendered":"<p>Onze \u00e9l\u00e9ments composent l\u2019effectif 2026 du <strong><a href=\"https:\/\/www.directvelo.com\/equipe\/4403\/team-vern-35-feminin\" target=\"_blank\" rel=\"noopener\">Team Vern 35<\/a><\/strong>. Le club d&rsquo;Ille-et-Vilaine compte deux recrues ext\u00e9rieures et a promu Azia Marie. <br \/>Cette ann\u00e9e, le Team Vern 35 a termin\u00e9 11e du Challenge DirectVelo des N2 et 6e de la Coupe de France N2.<\/p>\n<p><strong>L\u2019effectif 2026 du Team Vern 35 F\u00e9minin :<\/strong><br \/>Maya Anthoine, 20 ans (Vend\u00e9e Piveteaubois)<br \/>No\u00e9mie Bonnin, 20 ans<br \/>Camille Busson, 16 ans<br \/>Albane Finger, 30 ans<br \/>Centyne Gaugain, 18 ans<br \/>Cl\u00e9mence Jolly, 28 ans<br \/>Margot Lavigne, 17 ans<br \/>Sarah Le Clec&rsquo;h, 17 ans<br \/>Lucie Le Roux, 20 ans<br \/>Azia Marie, 17 ans<br \/>Marion Viet, 24 ans (Nouvelle licenci\u00e9e)<\/p>\n<p>Le d\u00e9part : Flavie Michaud (Team ELLES-Vertou-Rayo&rsquo;Nantes).<\/p>\n","protected":false},"excerpt":{"rendered":"Onze \u00e9l\u00e9ments composent l\u2019effectif 2026 du Team Vern 35. Le club d&rsquo;Ille-et-Vilaine compte deux recrues ext\u00e9rieures et a&hellip;\n","protected":false},"author":2,"featured_media":553198,"comment_status":"","ping_status":"","sticky":false,"template":"","format":"standard","meta":{"footnotes":""},"categories":[1411],"tags":[834,828,836,829,837,827,83,826,824,823,1154,207,814,817,815,816,822,821,832,211,839,1011,27,820,818,819,835,831,830,833,838,60,212,208,825],"class_list":{"0":"post-553197","1":"post","2":"type-post","3":"status-publish","4":"format-standard","5":"has-post-thumbnail","7":"category-cyclisme","8":"tag-attaque","9":"tag-belgique","10":"tag-braquet","11":"tag-bretagne","12":"tag-chute","13":"tag-competition","14":"tag-coupe-de-france","15":"tag-coureur","16":"tag-course-cyclisme","17":"tag-course-cycliste","18":"tag-cycling","19":"tag-cyclisme","20":"tag-direct","21":"tag-direct-velo","22":"tag-directvelo","23":"tag-directvelo-com","24":"tag-epreuve","25":"tag-epreuve-cycliste","26":"tag-federation-francaise-de-cyclisme","27":"tag-ffc","28":"tag-flandres","29":"tag-fr","30":"tag-france","31":"tag-live","32":"tag-live-course","33":"tag-live-epreuve","34":"tag-peloton","35":"tag-radio-peloton","36":"tag-radio-tour","37":"tag-ravitaillement","38":"tag-relance","39":"tag-sports","40":"tag-uci","41":"tag-velo","42":"tag-velos"},"share_on_mastodon":{"url":"https:\/\/pubeurope.com\/@fr\/115598619087416596","error":""},"_links":{"self":[{"href":"https:\/\/www.europesays.com\/fr\/wp-json\/wp\/v2\/posts\/553197","targetHints":{"allow":["GET"]}}],"collection":[{"href":"https:\/\/www.europesays.com\/fr\/wp-json\/wp\/v2\/posts"}],"about":[{"href":"https:\/\/www.europesays.com\/fr\/wp-json\/wp\/v2\/types\/post"}],"author":[{"embeddable":true,"href":"https:\/\/www.europesays.com\/fr\/wp-json\/wp\/v2\/users\/2"}],"replies":[{"embeddable":true,"href":"https:\/\/www.europesays.com\/fr\/wp-json\/wp\/v2\/comments?post=553197"}],"version-history":[{"count":0,"href":"https:\/\/www.europesays.com\/fr\/wp-json\/wp\/v2\/posts\/553197\/revisions"}],"wp:featuredmedia":[{"embeddable":true,"href":"https:\/\/www.europesays.com\/fr\/wp-json\/wp\/v2\/media\/553198"}],"wp:attachment":[{"href":"https:\/\/www.europesays.com\/fr\/wp-json\/wp\/v2\/media?parent=553197"}],"wp:term":[{"taxonomy":"category","embeddable":true,"href":"https:\/\/www.europesays.com\/fr\/wp-json\/wp\/v2\/categories?post=553197"},{"taxonomy":"post_tag","embeddable":true,"href":"https:\/\/www.europesays.com\/fr\/wp-json\/wp\/v2\/tags?post=553197"}],"curies":[{"name":"wp","href":"https:\/\/api.w.org\/{rel}","templated":true}]}}