{"id":553200,"date":"2025-11-23T10:49:12","date_gmt":"2025-11-23T10:49:12","guid":{"rendered":"https:\/\/www.europesays.com\/fr\/553200\/"},"modified":"2025-11-23T10:49:12","modified_gmt":"2025-11-23T10:49:12","slug":"sansal-parle-pour-la-premiere-fois-depuis-sa-liberation-dimanche-soir-sur-france-2-actualites","status":"publish","type":"post","link":"https:\/\/www.europesays.com\/fr\/553200\/","title":{"rendered":"Sansal parle pour la premi\u00e8re fois depuis sa lib\u00e9ration dimanche soir sur France 2 : Actualit\u00e9s"},"content":{"rendered":"<p class=\"lead \">L&rsquo;\u00e9crivain franco-alg\u00e9rien Boualem Sansal, graci\u00e9 le 12 novembre par l&rsquo;Alg\u00e9rie apr\u00e8s un an de prison, s&rsquo;exprimera pour la premi\u00e8re fois depuis sa lib\u00e9ration dimanche soir dans le journal de 20h00 de France 2, a annonc\u00e9 France T\u00e9l\u00e9visions dans un communiqu\u00e9.<\/p>\n<p class=\"lead \">\u00ab\u00a0Apr\u00e8s sa lib\u00e9ration et son retour en France (mardi, ndlr), il accordera sa premi\u00e8re interview \u00e0 France T\u00e9l\u00e9visions et r\u00e9pondra aux questions de Laurent Delahousse\u00a0\u00bb, a indiqu\u00e9 le groupe public.<\/p>\n<p class=\"lead \">Incarc\u00e9r\u00e9 en Alg\u00e9rie pendant un an pour certaines prises de position sur son pays natal, Boualem Sansal, 81 ans, a retrouv\u00e9 la libert\u00e9 le 12 novembre. Il a \u00e9t\u00e9 graci\u00e9 par le pr\u00e9sident alg\u00e9rien Abdelmadjid Tebboune, qui a r\u00e9pondu favorablement \u00e0 une demande des autorit\u00e9s allemandes.<\/p>\n<p class=\"lead \">L&rsquo;\u00e9crivain, qui \u00e9tait au c\u0153ur d&rsquo;une crise diplomatique entre Alger et Paris, est rentr\u00e9 en France mardi, apr\u00e8s avoir d&rsquo;abord \u00e9t\u00e9 transf\u00e9r\u00e9 \u00e0 Berlin pour des soins m\u00e9dicaux. Il a \u00e9t\u00e9 re\u00e7u par Emmanuel Macron d\u00e8s son retour, qui a \u00e9t\u00e9 discret et s&rsquo;est fait hors de la vue des m\u00e9dias.<\/p>\n<p class=\"small font-weight-bold text-gray3 \"> publi\u00e9 le 23 novembre \u00e0 10h01, AFP<\/p>\n<p>                             Partager<\/p>\n","protected":false},"excerpt":{"rendered":"L&rsquo;\u00e9crivain franco-alg\u00e9rien Boualem Sansal, graci\u00e9 le 12 novembre par l&rsquo;Alg\u00e9rie apr\u00e8s un an de prison, s&rsquo;exprimera pour la&hellip;\n","protected":false},"author":2,"featured_media":553201,"comment_status":"","ping_status":"","sticky":false,"template":"","format":"standard","meta":{"footnotes":""},"categories":[1359],"tags":[9143,312,58,59,1011,27,418,310,9555,973,316,9556],"class_list":{"0":"post-553200","1":"post","2":"type-post","3":"status-publish","4":"format-standard","5":"has-post-thumbnail","7":"category-people","8":"tag-algrie","9":"tag-diplomatie","10":"tag-divertissement","11":"tag-entertainment","12":"tag-fr","13":"tag-france","14":"tag-gouvernement","15":"tag-internet","16":"tag-mdias","17":"tag-people","18":"tag-politique","19":"tag-tlvision"},"share_on_mastodon":{"url":"https:\/\/pubeurope.com\/@fr\/115598626972432797","error":""},"_links":{"self":[{"href":"https:\/\/www.europesays.com\/fr\/wp-json\/wp\/v2\/posts\/553200","targetHints":{"allow":["GET"]}}],"collection":[{"href":"https:\/\/www.europesays.com\/fr\/wp-json\/wp\/v2\/posts"}],"about":[{"href":"https:\/\/www.europesays.com\/fr\/wp-json\/wp\/v2\/types\/post"}],"author":[{"embeddable":true,"href":"https:\/\/www.europesays.com\/fr\/wp-json\/wp\/v2\/users\/2"}],"replies":[{"embeddable":true,"href":"https:\/\/www.europesays.com\/fr\/wp-json\/wp\/v2\/comments?post=553200"}],"version-history":[{"count":0,"href":"https:\/\/www.europesays.com\/fr\/wp-json\/wp\/v2\/posts\/553200\/revisions"}],"wp:featuredmedia":[{"embeddable":true,"href":"https:\/\/www.europesays.com\/fr\/wp-json\/wp\/v2\/media\/553201"}],"wp:attachment":[{"href":"https:\/\/www.europesays.com\/fr\/wp-json\/wp\/v2\/media?parent=553200"}],"wp:term":[{"taxonomy":"category","embeddable":true,"href":"https:\/\/www.europesays.com\/fr\/wp-json\/wp\/v2\/categories?post=553200"},{"taxonomy":"post_tag","embeddable":true,"href":"https:\/\/www.europesays.com\/fr\/wp-json\/wp\/v2\/tags?post=553200"}],"curies":[{"name":"wp","href":"https:\/\/api.w.org\/{rel}","templated":true}]}}