{"id":553209,"date":"2025-11-23T10:56:13","date_gmt":"2025-11-23T10:56:13","guid":{"rendered":"https:\/\/www.europesays.com\/fr\/553209\/"},"modified":"2025-11-23T10:56:13","modified_gmt":"2025-11-23T10:56:13","slug":"une-etude-revele-un-revers-inattendu-sur-votre-sante","status":"publish","type":"post","link":"https:\/\/www.europesays.com\/fr\/553209\/","title":{"rendered":"une \u00e9tude r\u00e9v\u00e8le un revers inattendu sur votre sant\u00e9"},"content":{"rendered":"<p>Le je\u00fbne, une pratique ancestrale, conna\u00eet un regain d&rsquo;int\u00e9r\u00eat pour ses potentiels bienfaits sur la sant\u00e9. Cependant, une \u00e9tude r\u00e9cente publi\u00e9e dans <a href=\"https:\/\/www.nature.com\/articles\/s42255-024-01008-9\" title=\"Adaptations syst\u00e9miques du prot\u00e9ome \u00e0 la restriction calorique compl\u00e8te de 7 jours chez l&#039;homme\" target=\"_blank\" rel=\"noopener\">Nature Metabolism<\/a> vient \u00e9branler certaines certitudes. Les chercheurs ont d\u00e9couvert qu&rsquo;il faut plus de trois jours de je\u00fbne strict pour observer des changements significatifs au niveau mol\u00e9culaire. Cette r\u00e9v\u00e9lation soul\u00e8ve des interrogations sur l&rsquo;efficacit\u00e9 des r\u00e9gimes de <a href=\"https:\/\/www.futura-sciences.com\/sante\/questions-reponses\/alimentation-jeune-intermittent-sont-bienfaits-dangers-17437\/\" title=\"Je\u00fbne intermittent : quels sont ses bienfaits et ses dangers ?\" target=\"_blank\" rel=\"noopener\">je\u00fbne intermittent<\/a> \u00e0 court terme et met en <a href=\"https:\/\/www.futura-sciences.com\/sciences\/definitions\/physique-lumiere-326\/\" target=\"_blank\" rel=\"noopener\">lumi\u00e8re<\/a> les dangers potentiels d&rsquo;un je\u00fbne prolong\u00e9.<\/p>\n<p>Les secrets mol\u00e9culaires du je\u00fbne enfin d\u00e9voil\u00e9s<\/p>\n<p>L&rsquo;\u00e9quipe internationale de scientifiques a men\u00e9 une \u00e9tude novatrice sur 12 participants en bonne sant\u00e9 (5 femmes et 7 hommes) soumis \u00e0 un je\u00fbne hydrique de sept jours. Pour la premi\u00e8re fois, les chercheurs ont pu observer les changements mol\u00e9culaires survenant dans l&rsquo;organisme pendant le je\u00fbne. Claudia Langenberg, \u00e9pid\u00e9miologiste \u00e0 l&rsquo;Universit\u00e9 Queen Mary de Londres, explique : \u00ab Nous sommes d\u00e9sormais capables de voir ce qui se passe au niveau mol\u00e9culaire dans tout le corps lorsque nous je\u00fbnons. Nos r\u00e9sultats prouvent les bienfaits du je\u00fbne au-del\u00e0 de la <a href=\"https:\/\/www.futura-sciences.com\/sante\/actualites\/corps-humain-perte-poids-prevention-migraine-voici-ce-eau-peut-changer-votre-vie-selon-nouvelle-etude-117862\/\" title=\"Perte de poids, pr\u00e9vention, migraine : voici ce que l\u2019eau peut changer dans votre vie, selon une nouvelle \u00e9tude\" target=\"_blank\" rel=\"noopener\">perte de poids<\/a>, mais ceux-ci n&rsquo;\u00e9taient visibles qu&rsquo;apr\u00e8s trois jours de restriction calorique totale &#8211; plus tard que nous ne le pensions auparavant \u00bb.<\/p>\n<p>            <img decoding=\"async\" data-imgid=\"sm\" src=\"https:\/\/www.europesays.com\/fr\/wp-content\/uploads\/2025\/11\/jeune.jpg\" width=\"320\" height=\"320\" alt=\"Le je\u00fbne, fumisterie ou exilir de jouvence ? \u00a9 Congerdesign, Pixabay, DP\" loading=\"lazy\"\/><\/p>\n<p>\n                Tags :<br \/>\n\tsante\n<\/p>\n<p><a href=\"https:\/\/www.futura-sciences.com\/sante\/actualites\/nutrition-rv-docteur-cocaul-jeune-fumisterie-nouvel-elixir-jouvence-70581\/\" class=\"article-link\" target=\"_blank\" rel=\"noopener\"><\/p>\n<p>        Le RV du docteur Cocaul : le je\u00fbne, fumisterie ou nouvel \u00e9lixir de jouvence ?<\/p>\n<p><\/a><\/p>\n<p>        Lire l&rsquo;article <\/p>\n<p>L&rsquo;analyse des quelque 3 000 prot\u00e9ines mesur\u00e9es dans le sang des participants a r\u00e9v\u00e9l\u00e9 que pr\u00e8s d&rsquo;un tiers d&rsquo;entre elles subissaient des \u00ab changements syst\u00e9miques profonds \u00bb\u00a0apr\u00e8s une semaine de je\u00fbne hydrique. Ces modifications prot\u00e9iques, associ\u00e9es \u00e0 des am\u00e9liorations potentielles pour la <a href=\"https:\/\/www.futura-sciences.com\/sante\/dossiers\/medecine-polyarthrite-rhumatoide-rhumatisme-chronique-898\/page\/4\/\" title=\"Causes de la polyarthrite rhumato\u00efde\" target=\"_blank\" rel=\"noopener\">polyarthrite rhumato\u00efde<\/a> et la sant\u00e9 cardiovasculaire, n&rsquo;apparaissaient qu&rsquo;apr\u00e8s trois jours cons\u00e9cutifs de je\u00fbne.<\/p>\n<p class=\"fs-media\">\n<p><img decoding=\"async\" data-imgid=\"full\" src=\"https:\/\/www.europesays.com\/fr\/wp-content\/uploads\/2025\/11\/regime-jeune-alimentation.png\" width=\"1080\" height=\"720\" alt=\"\" loading=\"lazy\"\/><br \/>\n\u00a0La v\u00e9rit\u00e9 scientifique sur le je\u00fbne intermittent et sur ses limites invite \u00e0 la prudence. \u00a9 Prostock-Studio, iStock<\/p>\n<p>Le dilemme du je\u00fbne prolong\u00e9 : b\u00e9n\u00e9fices vs risques<\/p>\n<p>Cette d\u00e9couverte soul\u00e8ve un dilemme important : faut-il je\u00fbner plus longtemps pour en tirer des b\u00e9n\u00e9fices, au risque de compromettre sa sant\u00e9 ? En effet, priver le corps de calories pendant plusieurs jours comporte des dangers non n\u00e9gligeables :<\/p>\n<ul dir=\"ltr\">\n<li role=\"presentation\">risque de <a href=\"https:\/\/www.futura-sciences.com\/sante\/questions-reponses\/corps-humain-sont-causes-symptomes-deshydratation-16204\/\" title=\"Quels sont les causes et sympt\u00f4mes de la d\u00e9shydratation ?\" target=\"_blank\" rel=\"noopener\">d\u00e9shydratation<\/a> ;<\/li>\n<li role=\"presentation\">carences nutritionnelles ;<\/li>\n<li role=\"presentation\">fatigue intense ;\u00a0<\/li>\n<li role=\"presentation\">troubles du sommeil ;<\/li>\n<li role=\"presentation\">perturbations hormonales.<\/li>\n<\/ul>\n<p>Les m\u00e9decins d\u00e9conseillent g\u00e9n\u00e9ralement le je\u00fbne prolong\u00e9 aux enfants, adolescents, femmes enceintes, personnes <a href=\"https:\/\/www.futura-sciences.com\/sante\/definitions\/medecine-diabetique-3243\/\" target=\"_blank\" rel=\"noopener\">diab\u00e9tiques<\/a> ou souffrant de <a href=\"https:\/\/www.futura-sciences.com\/sante\/actualites\/psychologie-troubles-conduites-alimentaires-impact-reseaux-sociaux-98650\/\" title=\"Troubles des conduites alimentaires : quel impact des r\u00e9seaux sociaux ?\" target=\"_blank\" rel=\"noopener\">troubles alimentaires<\/a>. Il est important de consulter un professionnel de sant\u00e9 avant d&rsquo;entreprendre tout je\u00fbne de longue <a href=\"https:\/\/www.futura-sciences.com\/sciences\/definitions\/physique-duree-14966\/\" target=\"_blank\" rel=\"noopener\">dur\u00e9e<\/a>.<\/p>\n<p>Vers des alternatives au je\u00fbne ?<\/p>\n<p>Face \u00e0 ces r\u00e9sultats, les chercheurs envisagent de nouvelles pistes pour reproduire les effets b\u00e9n\u00e9fiques du je\u00fbne sans ses inconv\u00e9nients. Ils expliquent : \u00ab Nos r\u00e9sultats ouvrent la possibilit\u00e9 d&rsquo;identifier syst\u00e9matiquement les bienfaits potentiels du je\u00fbne et de traduire ces connaissances en interventions possibles, y compris pour les patients qui ne peuvent pas adh\u00e9rer \u00e0 des sch\u00e9mas de je\u00fbne prolong\u00e9 ou \u00e0 des r\u00e9gimes mimant le je\u00fbne \u00bb.<\/p>\n<p>Cette approche pourrait d\u00e9boucher sur le d\u00e9veloppement de traitements cibl\u00e9s, mimant les effets positifs du je\u00fbne sans n\u00e9cessiter une privation alimentaire prolong\u00e9e. Un tableau r\u00e9capitulatif des effets observ\u00e9s illustre ces perspectives :<\/p>\n<tr>\n<td>\n<p>Dur\u00e9e du je\u00fbne<\/p>\n<\/td>\n<td>\n<p>Effets observ\u00e9s<\/p>\n<\/td>\n<td>\n<p>Dangers potentiels<\/p>\n<\/td>\n<\/tr>\n<tr>\n<td>\n<p>Moins de 3 jours<\/p>\n<\/td>\n<td>\n<p>Peu ou pas de changements significatifs<\/p>\n<\/td>\n<td>\n<p>Minimes si bien encadr\u00e9s<\/p>\n<\/td>\n<\/tr>\n<tr>\n<td>\n<p>3 \u00e0 7 jours<\/p>\n<\/td>\n<td>\n<p>Changements prot\u00e9iques b\u00e9n\u00e9fiques<\/p>\n<\/td>\n<td>\n<p><a href=\"https:\/\/www.futura-sciences.com\/sante\/definitions\/medecine-deshydratation-3237\/\" target=\"_blank\" rel=\"noopener\">D\u00e9shydratation<\/a>, carences, fatigue<\/p>\n<\/td>\n<\/tr>\n<tr>\n<td>\n<p>Plus de 7 jours<\/p>\n<\/td>\n<td>\n<p>Effets \u00e0 long terme \u00e0 \u00e9tudier<\/p>\n<\/td>\n<td>\n<p>Risques importants pour la sant\u00e9<\/p>\n<\/td>\n<\/tr>\n<p>Cette \u00e9tude, bien que men\u00e9e sur un \u00e9chantillon restreint, offre un point de r\u00e9f\u00e9rence crucial pour les futures recherches sur le je\u00fbne. Elle souligne l&rsquo;importance d&rsquo;une approche prudente et personnalis\u00e9e, tout en ouvrant la voie \u00e0 de nouvelles strat\u00e9gies th\u00e9rapeutiques inspir\u00e9es des m\u00e9canismes du je\u00fbne.<\/p>\n","protected":false},"excerpt":{"rendered":"Le je\u00fbne, une pratique ancestrale, conna\u00eet un regain d&rsquo;int\u00e9r\u00eat pour ses potentiels bienfaits sur la sant\u00e9. Cependant, une&hellip;\n","protected":false},"author":2,"featured_media":553210,"comment_status":"","ping_status":"","sticky":false,"template":"","format":"standard","meta":{"footnotes":""},"categories":[10],"tags":[258,67036,1011,27,72,3913,67035,4499,278,28249,66939,67033,8204,67034,37026,71,18495],"class_list":{"0":"post-553209","1":"post","2":"type-post","3":"status-publish","4":"format-standard","5":"has-post-thumbnail","7":"category-sante","8":"tag-alimentation","9":"tag-carence-nutritionnelle","10":"tag-fr","11":"tag-france","12":"tag-health","13":"tag-jeune","14":"tag-jeune-hydrique","15":"tag-jeune-intermittent","16":"tag-les-tendances","17":"tag-perte-de-poids","18":"tag-polyarthrite-rhumatoide","19":"tag-privation-alimentaire","20":"tag-regime-alimentaire","21":"tag-restriction-alimentaire","22":"tag-restriction-calorique","23":"tag-sante","24":"tag-sante-cardiovasculaire"},"share_on_mastodon":{"url":"","error":""},"_links":{"self":[{"href":"https:\/\/www.europesays.com\/fr\/wp-json\/wp\/v2\/posts\/553209","targetHints":{"allow":["GET"]}}],"collection":[{"href":"https:\/\/www.europesays.com\/fr\/wp-json\/wp\/v2\/posts"}],"about":[{"href":"https:\/\/www.europesays.com\/fr\/wp-json\/wp\/v2\/types\/post"}],"author":[{"embeddable":true,"href":"https:\/\/www.europesays.com\/fr\/wp-json\/wp\/v2\/users\/2"}],"replies":[{"embeddable":true,"href":"https:\/\/www.europesays.com\/fr\/wp-json\/wp\/v2\/comments?post=553209"}],"version-history":[{"count":0,"href":"https:\/\/www.europesays.com\/fr\/wp-json\/wp\/v2\/posts\/553209\/revisions"}],"wp:featuredmedia":[{"embeddable":true,"href":"https:\/\/www.europesays.com\/fr\/wp-json\/wp\/v2\/media\/553210"}],"wp:attachment":[{"href":"https:\/\/www.europesays.com\/fr\/wp-json\/wp\/v2\/media?parent=553209"}],"wp:term":[{"taxonomy":"category","embeddable":true,"href":"https:\/\/www.europesays.com\/fr\/wp-json\/wp\/v2\/categories?post=553209"},{"taxonomy":"post_tag","embeddable":true,"href":"https:\/\/www.europesays.com\/fr\/wp-json\/wp\/v2\/tags?post=553209"}],"curies":[{"name":"wp","href":"https:\/\/api.w.org\/{rel}","templated":true}]}}