{"id":553217,"date":"2025-11-23T11:00:26","date_gmt":"2025-11-23T11:00:26","guid":{"rendered":"https:\/\/www.europesays.com\/fr\/553217\/"},"modified":"2025-11-23T11:00:26","modified_gmt":"2025-11-23T11:00:26","slug":"ses-8-astuces-etonnantes-pour-rester-au-chaud-sans-payer-de-facture","status":"publish","type":"post","link":"https:\/\/www.europesays.com\/fr\/553217\/","title":{"rendered":"ses 8 astuces \u00e9tonnantes pour rester au chaud sans payer de facture"},"content":{"rendered":"<p>Elle vit sans chauffage depuis<br \/>\n3 hivers\u2026 et elle ne veut plus faire marche arri\u00e8re<\/p>\n<p data-start=\"310\" data-end=\"950\">Oubliez tout ce que vous pensiez<br \/>\nsavoir sur le confort hivernal<strong>. Catherine Renton, 40 ans,<br \/>\nn\u2019a pas allum\u00e9 ses radiateurs depuis trois hivers.<\/strong> Ce qui<br \/>\naurait pu ressembler \u00e0 une lubie temporaire est devenu une<br \/>\nphilosophie de vie. Son secret ? Un mix de bon sens, de discipline<br \/>\net d\u2019astuces bien senties, dans un monde o\u00f9 le <a href=\"https:\/\/www.modesettravaux.fr\/viepratique\/faut-il-vraiment-couper-le-chauffage-dans-les-pieces-inutilisees-cette-regle-a-ne-jamais-ignorer-160026.html\" target=\"_blank\" rel=\"noopener\"><br \/>\nchauffage<\/a> co\u00fbte toujours plus cher. En 2025, le prix de<br \/>\nl\u2019\u00e9lectricit\u00e9 a augment\u00e9 de plus de 25 % en moyenne en Europe selon<br \/>\nEurostat, et plus de 12 millions de Fran\u00e7ais d\u00e9claraient avoir<br \/>\nrestreint leur chauffage l\u2019hiver dernier d\u2019apr\u00e8s le M\u00e9diateur<br \/>\nnational de l\u2019\u00e9nergie. Catherine, elle, a carr\u00e9ment appuy\u00e9 <a href=\"https:\/\/www.modesettravaux.fr\/deco\/ce-rideau-thermique-remplace-votre-chauffage-dappoint-et-fait-chuter-la-facture-cet-hiver-2025-a-condition-de-lutiliser-ainsi-160069.html\" target=\"_blank\" rel=\"noopener\"><br \/>\nsur \u00ab\u00a0off\u00a0\u00bb.<\/a><\/p>\n<p data-start=\"952\" data-end=\"1354\">R\u00e9sultat ? <strong>Elle vit \u00e0<br \/>\n16 \u00b0C tout l\u2019hiver.<\/strong> Et elle le vit plut\u00f4t bien. Pas de<br \/>\nmiracle ici, mais une gestion fine de l\u2019inconfort, transform\u00e9 en<br \/>\nconfort alternatif. Un pari personnel\u2026 et un manuel de survie<br \/>\n\u00e9nerg\u00e9tique pour les plus t\u00e9m\u00e9raires. Selon le site britannique<br \/>\n<a href=\"https:\/\/inews.co.uk\/?srsltid=AfmBOor_E8F1JqUGKsQkb_abR7okL3fqJvNYZVum4NnDDybyCAttbX-h\" target=\"_blank\" rel=\"noopener\"><br \/>\niNews<\/a>, c\u2019est cette d\u00e9cision extr\u00eame qu\u2019elle applique depuis<br \/>\ntrois ans, pour <strong>\u00e9chapper \u00e0 une facture d\u2019\u00e9lectricit\u00e9<br \/>\ndevenue insoutenable.<\/strong><\/p>\n<p>Ce que Catherine a chang\u00e9<br \/>\nchez elle pour d\u00e9fier le froid (sans payer un centime de<br \/>\nchauffage)<\/p>\n<p data-start=\"1459\" data-end=\"1680\">Pas de <a href=\"https:\/\/www.modesettravaux.fr\/trucs-et-astuces\/fallait-le-savoir\/le-froid-chez-vous-cest-fini-ce-poele-a-moins-de-20-e-chez-action-va-rechauffer-votre-salon-en-quelques-minutes-159975.html\" target=\"_blank\" rel=\"noopener\"><br \/>\npo\u00eale<\/a>, pas de chauffage d\u2019appoint, pas m\u00eame de radiateur<br \/>\nsoufflant. La locataire britannique a opt\u00e9 pour <strong>une<br \/>\nsolution 100 % low-tech<\/strong>, fond\u00e9e sur l\u00a0\u00bbobservation,<br \/>\nl\u2019adaptation\u2026 et quelques bons vieux r\u00e9flexes oubli\u00e9s.<\/p>\n<p data-start=\"1682\" data-end=\"1756\">Voici les gestes qui lui<br \/>\npermettent de traverser l\u2019hiver sans frissonner :<\/p>\n<ul data-start=\"1758\" data-end=\"2448\">\n<li data-start=\"1758\" data-end=\"1834\">\n<p data-start=\"1760\" data-end=\"1834\"><strong>Boucher chaque entr\u00e9e<br \/>\nd\u2019air,<\/strong> du bas de porte aux interstices de <a href=\"https:\/\/www.modesettravaux.fr\/viepratique\/on-ressent-les-effets-immediatement-ouvrir-ses-fenetres-en-hiver-lastuce-surprenante-pour-reduire-votre-facture-delectricite-sans-effort-158816.html\" target=\"_blank\" rel=\"noopener\"><br \/>\nfen\u00eatres<\/a><\/p>\n<\/li>\n<li data-start=\"1835\" data-end=\"1937\">\n<p data-start=\"1837\" data-end=\"1937\"><strong>Superposer les couches<br \/>\n: p<\/strong>ull en laine, sous-v\u00eatements thermiques, <a href=\"https:\/\/www.modesettravaux.fr\/trucs-et-astuces\/fallait-le-savoir\/autant-de-microbes-quune-cuvette-de-toilettes-voici-a-quelle-frequence-un-plaid-doit-etre-lave-151714.html\" target=\"_blank\" rel=\"noopener\"><br \/>\nplaids<\/a> permanents sur le canap\u00e9<\/p>\n<\/li>\n<li data-start=\"1938\" data-end=\"2028\">\n<p data-start=\"1940\" data-end=\"2028\"><strong>Installer des rideaux<br \/>\nthermiques et des tapis \u00e9pais au sol<\/strong> pour emprisonner la<br \/>\nchaleur<\/p>\n<\/li>\n<li data-start=\"2029\" data-end=\"2115\">\n<p data-start=\"2031\" data-end=\"2115\"><strong>Ne vivre que dans une<br \/>\npi\u00e8ce :<\/strong> elle concentre sa vie dans son salon, portes<br \/>\nferm\u00e9es<\/p>\n<\/li>\n<li data-start=\"2116\" data-end=\"2218\">\n<p data-start=\"2118\" data-end=\"2218\"><strong>Boire chaud et souvent<br \/>\n:<\/strong> soupes, tisanes, chocolat, tout est bon pour se<br \/>\nr\u00e9chauffer de l\u2019int\u00e9rieur<\/p>\n<\/li>\n<li data-start=\"2219\" data-end=\"2296\">\n<p data-start=\"2221\" data-end=\"2296\"><strong>Marcher tous les<br \/>\njours<\/strong>, m\u00eame par temps froid, pour activer la<br \/>\ncirculation<\/p>\n<\/li>\n<li data-start=\"2297\" data-end=\"2374\">\n<p data-start=\"2299\" data-end=\"2374\"><strong>Pr\u00e9parer le lit<br \/>\n:<\/strong> une couverture \u00e9lectrique et <a href=\"https:\/\/www.modesettravaux.fr\/beaute-bien-etre\/sante-beaute-bien-etre\/bouillotte-5-erreurs-courantes-qui-peuvent-causer-de-graves-blessures-106090.html\" target=\"_blank\" rel=\"noopener\"><br \/>\nune bouillotte<\/a> chaque soir<\/p>\n<\/li>\n<li data-start=\"2375\" data-end=\"2448\">\n<p data-start=\"2377\" data-end=\"2448\"><strong>Laisser entrer le<br \/>\nsoleil d\u00e8s qu\u2019il pointe<\/strong> pour chauffer naturellement<\/p>\n<\/li>\n<\/ul>\n<p data-start=\"2450\" data-end=\"2554\">Une organisation qui peut<br \/>\nsembler spartiate mais qui, chez elle, s\u2019est transform\u00e9e en routine<br \/>\napaisante.<\/p>\n<p><img loading=\"lazy\" decoding=\"async\" aria-describedby=\"caption-attachment-157340\" itemprop=\"thumbnailUrl\" class=\"wp-image-157340 img-responsive\" src=\"https:\/\/www.europesays.com\/fr\/wp-content\/uploads\/2025\/11\/se-chauffer-sans-radiateur-drazen-zigic-1024x683.jpg\" alt=\"&lt;p&gt;&lt;br data-mce-bogus=\" width=\"701\" height=\"467\"\/> \u00a9 Shutterstock<\/p>\n<p id=\"caption-attachment-157340\" class=\"wp-caption-text\">Trois<br \/>\nhivers sans allumer le moindre radiateur : une strat\u00e9gie radicale<br \/>\ndevenue un mode de vie pour faire face \u00e0 l\u2019envol\u00e9e des prix de<br \/>\nl\u2019\u00e9nergie.<\/p>\n<p>Vivre \u00e0 16 \u00b0C en hiver,<br \/>\nest-ce dangereux ? Voici ce que disent vraiment les experts<\/p>\n<p data-start=\"2649\" data-end=\"2954\">Ce mode de vie radical ne<br \/>\nconvient pas \u00e0 tout le monde. Selon <a href=\"https:\/\/www.santepubliquefrance.fr\/\" target=\"_blank\" rel=\"noopener\">Sant\u00e9 publique France<\/a>,<br \/>\nune temp\u00e9rature ambiante inf\u00e9rieure \u00e0 18 \u00b0C peut aggraver les<br \/>\nprobl\u00e8mes respiratoires, cardiovasculaires et fragiliser les<br \/>\nd\u00e9fenses immunitaires, notamment chez les enfants, les personnes<br \/>\n\u00e2g\u00e9es ou les malades chroniques.<\/p>\n<p data-start=\"2956\" data-end=\"3292\"><strong>L\u2019Insee r\u00e9v\u00e8le que 27<br \/>\n% des Fran\u00e7ais ont baiss\u00e9 leur chauffage d\u2019au moins deux<br \/>\ndegr\u00e9s<\/strong> en 2023, une strat\u00e9gie valid\u00e9e \u00e0 condition d\u2019avoir<br \/>\nun logement bien isol\u00e9. Mais descendre durablement sous les 17 \u00b0C<br \/>\npeut \u00eatre risqu\u00e9 sans pr\u00e9cautions : <a href=\"https:\/\/www.modesettravaux.fr\/trucs-et-astuces\/humidite-lastuce-toute-simple-pour-ne-plus-en-avoir-chez-soi-33030.html\" target=\"_blank\" rel=\"noopener\"><br \/>\nhumidit\u00e9<\/a>, moisissures, sensation de fatigue et m\u00eame hypothermie<br \/>\nen cas de vuln\u00e9rabilit\u00e9 physique.<\/p>\n<p data-start=\"3294\" data-end=\"3654\">Dans le cas de Catherine,<br \/>\nplusieurs facteurs att\u00e9nuent le choc thermique : <strong>elle est<br \/>\nen bonne sant\u00e9, vit en \u00e9tage (avec des voisins chauff\u00e9s au-dessus<br \/>\net en dessous) et reste tr\u00e8s active.<\/strong> Elle a \u00e9galement<br \/>\ntransform\u00e9 son int\u00e9rieur en v\u00e9ritable cocon textile. Pour elle,<br \/>\n\u00ab\u00a0avoir froid\u00a0\u00bb ne veut pas dire \u00ab\u00a0\u00eatre en danger\u00a0\u00bb, mais cela suppose<br \/>\nune adaptation constante.<\/p>\n<p>Le<br \/>\nvrai luxe cet hiver ? Se r\u00e9approprier son confort<\/p>\n<p data-start=\"3718\" data-end=\"4011\">La question n\u2019est plus tant<br \/>\n<a href=\"https:\/\/www.modesettravaux.fr\/viepratique\/cette-erreur-de-chauffage-coute-des-centaines-deuros-chaque-hiver-59530-159107.html\" target=\"_blank\" rel=\"noopener\"><br \/>\n\u00ab\u00a0comment chauffer plus\u00a0\u00bb<\/a>, mais \u00ab\u00a0comment avoir moins besoin de<br \/>\nchaleur\u00a0\u00bb. C\u2019est l\u00e0 que le t\u00e9moignage de Catherine devient pr\u00e9cieux.<br \/>\n<strong>En apprenant \u00e0 vivre dans une maison fra\u00eeche, elle a aussi<br \/>\nappris \u00e0 reprendre le contr\u00f4le sur ses sensations, ses d\u00e9penses et<br \/>\nses choix.<\/strong><\/p>\n<p data-start=\"4013\" data-end=\"4269\">Dans un monde o\u00f9 le confort<br \/>\ns\u2019ach\u00e8te (souvent cher), elle rappelle que certains \u00e9l\u00e9ments<br \/>\nessentiels \u2013 se couvrir, bouger, manger chaud \u2013 sont accessibles \u00e0<br \/>\ntous. Son exp\u00e9rience pose une autre question, fondamentale :<br \/>\npeut-on \u00eatre bien, sans \u00eatre au chaud ?<\/p>\n<p data-start=\"4271\" data-end=\"4762\" data-is-last-node=\"\" data-is-only-node=\"\"><strong>Derri\u00e8re cette sobri\u00e9t\u00e9 se cache aussi<br \/>\nune philosophie : celle du ralentissement, de la r\u00e9\u00e9valuation des<br \/>\nbesoins et du retour \u00e0 des gestes simples.<\/strong> Alors que 62 %<br \/>\ndes Fran\u00e7ais se disent pr\u00e9occup\u00e9s par leur facture \u00e9nerg\u00e9tique cet<br \/>\nhiver (sondage CSA pour Cofidis, octobre 2025), cette voix venue<br \/>\nd\u2019\u00c9dimbourg et relay\u00e9e par iNews trouve un \u00e9cho inattendu. Une vie<br \/>\n\u00e0 16 \u00b0C, oui, c\u2019est possible. Mais ce n\u2019est pas pour tout le monde.<br \/>\nCe qui est certain, c\u2019est que cela donne mati\u00e8re \u00e0 r\u00e9fl\u00e9chir.<\/p>\n<p><img loading=\"lazy\" decoding=\"async\" aria-describedby=\"caption-attachment-151735\" class=\"wp-image-151735 img-responsive\" src=\"https:\/\/www.europesays.com\/fr\/wp-content\/uploads\/2025\/11\/shutterstock_2074588258-1-1024x683.jpg\" alt=\"\" width=\"699\" height=\"466\"\/> \u00a9<br \/>\nShutterstock<\/p>\n<p id=\"caption-attachment-151735\" class=\"wp-caption-text\">\nTemp\u00e9rature int\u00e9rieure maintenue \u00e0 16 \u00b0C, isolation renforc\u00e9e,<br \/>\nv\u00eatements superpos\u00e9s et couverture chauffante : une routine<br \/>\nhivernale repens\u00e9e pour vivre sans chauffage.<\/p>\n","protected":false},"excerpt":{"rendered":"Elle vit sans chauffage depuis 3 hivers\u2026 et elle ne veut plus faire marche arri\u00e8re Oubliez tout ce&hellip;\n","protected":false},"author":2,"featured_media":553218,"comment_status":"","ping_status":"","sticky":false,"template":"","format":"standard","meta":{"footnotes":""},"categories":[6],"tags":[35,33,34,1011,27],"class_list":{"0":"post-553217","1":"post","2":"type-post","3":"status-publish","4":"format-standard","5":"has-post-thumbnail","7":"category-economie","8":"tag-business","9":"tag-economie","10":"tag-economy","11":"tag-fr","12":"tag-france"},"share_on_mastodon":{"url":"https:\/\/pubeurope.com\/@fr\/115598671328680547","error":""},"_links":{"self":[{"href":"https:\/\/www.europesays.com\/fr\/wp-json\/wp\/v2\/posts\/553217","targetHints":{"allow":["GET"]}}],"collection":[{"href":"https:\/\/www.europesays.com\/fr\/wp-json\/wp\/v2\/posts"}],"about":[{"href":"https:\/\/www.europesays.com\/fr\/wp-json\/wp\/v2\/types\/post"}],"author":[{"embeddable":true,"href":"https:\/\/www.europesays.com\/fr\/wp-json\/wp\/v2\/users\/2"}],"replies":[{"embeddable":true,"href":"https:\/\/www.europesays.com\/fr\/wp-json\/wp\/v2\/comments?post=553217"}],"version-history":[{"count":0,"href":"https:\/\/www.europesays.com\/fr\/wp-json\/wp\/v2\/posts\/553217\/revisions"}],"wp:featuredmedia":[{"embeddable":true,"href":"https:\/\/www.europesays.com\/fr\/wp-json\/wp\/v2\/media\/553218"}],"wp:attachment":[{"href":"https:\/\/www.europesays.com\/fr\/wp-json\/wp\/v2\/media?parent=553217"}],"wp:term":[{"taxonomy":"category","embeddable":true,"href":"https:\/\/www.europesays.com\/fr\/wp-json\/wp\/v2\/categories?post=553217"},{"taxonomy":"post_tag","embeddable":true,"href":"https:\/\/www.europesays.com\/fr\/wp-json\/wp\/v2\/tags?post=553217"}],"curies":[{"name":"wp","href":"https:\/\/api.w.org\/{rel}","templated":true}]}}