{"id":553219,"date":"2025-11-23T11:03:15","date_gmt":"2025-11-23T11:03:15","guid":{"rendered":"https:\/\/www.europesays.com\/fr\/553219\/"},"modified":"2025-11-23T11:03:15","modified_gmt":"2025-11-23T11:03:15","slug":"drome-une-voiture-sencastre-sous-un-poids-lourd-sur-lautoroute-a7-deux-morts","status":"publish","type":"post","link":"https:\/\/www.europesays.com\/fr\/553219\/","title":{"rendered":"Dr\u00f4me. Une voiture s&rsquo;encastre sous un poids lourd sur l&rsquo;autoroute A7\u00a0: deux morts"},"content":{"rendered":"<p>Un grave accident de la circulation est survenu ce dimanche 23 novembre \u00e0 9h30 sur l&rsquo;autoroute A7 \u00e0 hauteur de Saint-Paul-Trois-Ch\u00e2teaux.\u00a0<\/p>\n<p>Ce contenu est bloqu\u00e9 car vous n&rsquo;avez pas accept\u00e9 les cookies et autres traceurs.<\/p>\n<p>En cliquant sur \u00ab J\u2019accepte \u00bb, les cookies et autres traceurs seront d\u00e9pos\u00e9s et vous pourrez visualiser les contenus  (<a href=\"\" class=\"consentModule_policy\" target=\"_blank\" title=\"Consulter la politique de protection des donn\u00e9es du fournisseur\">plus d&rsquo;informations<\/a>).<\/p>\n<p>En cliquant sur \u00ab J\u2019accepte tous les cookies \u00bb, vous autorisez des d\u00e9p\u00f4ts de cookies et autres traceurs pour le stockage de vos donn\u00e9es sur nos sites et applications \u00e0 des fins de personnalisation et de ciblage publicitaire.<\/p>\n<p class=\"consentModule_secondaryText\">Vous gardez la possibilit\u00e9 de retirer votre consentement \u00e0 tout moment en consultant notre <a href=\"https:\/\/www.ledauphine.com\/protection-des-donnees\" target=\"_blank\" title=\"Consulter notre politique de protection des donn\u00e9es\" rel=\"noopener\">politique de protection des donn\u00e9es<\/a>. <br \/>&#13;<br \/>\n            <a href=\"https:\/\/www.ledauphine.com\/faits-divers-justice\/2025\/11\/23\/javascript:Didomi.notice.show()\" class=\"consentModule_cmp\" target=\"_blank\" rel=\"noopener\">G\u00e9rer mes choix<\/a>&#13;\n        <\/p>\n<p>&#13;<br \/>\n                        J&rsquo;accepte&#13;<br \/>\n            J&rsquo;accepte tous les cookies&#13;\n        <\/p>\n<p>Un poids lourd transportant des denr\u00e9es alimentaires et une voiture sont entr\u00e9s en collision dans le sens Marseille-Lyon. La voiture s&rsquo;est encastr\u00e9e sous le poids lourd. D&rsquo;importants moyens de secours et de gendarmerie sont sur place.<\/p>\n<p>L&rsquo;accident a fait cinq victimes, dont deux morts parmi les 4 occupants de la voiture, tous \u00e2g\u00e9s d&rsquo;une trentaine d&rsquo;ann\u00e9es.<\/p>\n<p>Le conducteur du poids lourd est quant \u00e0 lui l\u00e9g\u00e8rement bless\u00e9, tous comme les deux autres occupants de la voiture.<\/p>\n<p>L&rsquo;EDCF (Escadon d\u00e9partemental de contr\u00f4les des flux), ainsi qu&rsquo;une vingtaine de sapeurs-pompiers des casernes de Saint-Paul-Trois-Ch\u00e2teaux et de Pierrelatte, l&rsquo;h\u00e9licopt\u00e8re du Samu 26 et une \u00e9quipe du Samu 84.<\/p>\n<p>Deux voies sont ouvertes \u00e0 la circulation pour permettre aux automoblistes de circuler.<\/p>\n","protected":false},"excerpt":{"rendered":"Un grave accident de la circulation est survenu ce dimanche 23 novembre \u00e0 9h30 sur l&rsquo;autoroute A7 \u00e0&hellip;\n","protected":false},"author":2,"featured_media":553220,"comment_status":"","ping_status":"","sticky":false,"template":"","format":"standard","meta":{"footnotes":""},"categories":[4],"tags":[119,11,2730,6436,274,107,1011,27,67038,12,57402,25],"class_list":{"0":"post-553219","1":"post","2":"type-post","3":"status-publish","4":"format-standard","5":"has-post-thumbnail","7":"category-france","8":"tag-accident","9":"tag-actualites","10":"tag-drome","11":"tag-edition-montelimar-drome-provencale","12":"tag-faits-divers-justice","13":"tag-fil-info","14":"tag-fr","15":"tag-france","16":"tag-la-garde-adhemar","17":"tag-news","18":"tag-pierrelatte-bassin","19":"tag-republique-francaise"},"share_on_mastodon":{"url":"https:\/\/pubeurope.com\/@fr\/115598682160164031","error":""},"_links":{"self":[{"href":"https:\/\/www.europesays.com\/fr\/wp-json\/wp\/v2\/posts\/553219","targetHints":{"allow":["GET"]}}],"collection":[{"href":"https:\/\/www.europesays.com\/fr\/wp-json\/wp\/v2\/posts"}],"about":[{"href":"https:\/\/www.europesays.com\/fr\/wp-json\/wp\/v2\/types\/post"}],"author":[{"embeddable":true,"href":"https:\/\/www.europesays.com\/fr\/wp-json\/wp\/v2\/users\/2"}],"replies":[{"embeddable":true,"href":"https:\/\/www.europesays.com\/fr\/wp-json\/wp\/v2\/comments?post=553219"}],"version-history":[{"count":0,"href":"https:\/\/www.europesays.com\/fr\/wp-json\/wp\/v2\/posts\/553219\/revisions"}],"wp:featuredmedia":[{"embeddable":true,"href":"https:\/\/www.europesays.com\/fr\/wp-json\/wp\/v2\/media\/553220"}],"wp:attachment":[{"href":"https:\/\/www.europesays.com\/fr\/wp-json\/wp\/v2\/media?parent=553219"}],"wp:term":[{"taxonomy":"category","embeddable":true,"href":"https:\/\/www.europesays.com\/fr\/wp-json\/wp\/v2\/categories?post=553219"},{"taxonomy":"post_tag","embeddable":true,"href":"https:\/\/www.europesays.com\/fr\/wp-json\/wp\/v2\/tags?post=553219"}],"curies":[{"name":"wp","href":"https:\/\/api.w.org\/{rel}","templated":true}]}}