{"id":553223,"date":"2025-11-23T11:05:17","date_gmt":"2025-11-23T11:05:17","guid":{"rendered":"https:\/\/www.europesays.com\/fr\/553223\/"},"modified":"2025-11-23T11:05:17","modified_gmt":"2025-11-23T11:05:17","slug":"des-perturbations-cette-semaine-sur-la-rn88-et-la72","status":"publish","type":"post","link":"https:\/\/www.europesays.com\/fr\/553223\/","title":{"rendered":"des perturbations cette semaine sur la RN88 et l&rsquo;A72"},"content":{"rendered":"<p>  Sur la RN88, la bretelle de sortie de La Ricamarie ferm\u00e9e<\/p>\n<p>En raison d&rsquo;am\u00e9nagements acoustiques, la bretelle de sortie n\u00b028 \u00ab\u00a0La Ricamarie\u00a0\u00bb est ferm\u00e9e \u00e0 la circulation de mani\u00e8re permanente jusqu&rsquo;au 19 d\u00e9cembre dans le sens de circulation Le Puy-en-Velay &#8211; Saint-\u00c9tienne. Par ailleurs, la voie de droite sera neutralis\u00e9e le lundi 24 novembre, de 9 \u00e0 12 heures.<\/p>\n<p>Dans le sens de circulation Saint-\u00c9tienne &#8211; Le Puy-en-Velay, la circulation s&rsquo;effectue sur des voies de largeur r\u00e9duite de mani\u00e8re permanente jusqu&rsquo;au 28 novembre. La vitesse est limit\u00e9e \u00e0 70 km\/h avec interdiction de d\u00e9passement pour les v\u00e9hicules de plus de 3,5 tonnes.<\/p>\n<p>La RN88 ferm\u00e9e la nuit du 27 au 28 novembre<\/p>\n<p>Dans le sens de circulation Saint-\u00c9tienne &#8211; Le Puy-en-Velay, la RN88 sera ferm\u00e9e \u00e0 la circulation entre l&rsquo;\u00e9changeur de Solaure (n\u00b025.1) et l&rsquo;\u00e9changeur de La Ricamarie (n\u00b028) la nuit du jeudi 27 au vendredi 28 novembre, de 21 heures \u00e0 6 heures, en raison d&rsquo;am\u00e9nagements acoustiques. Une d\u00e9viation locale sera mise en place.<\/p>\n<p>Des voies neutralis\u00e9es sur la RN88 du 24 au 27 novembre<\/p>\n<p>Des travaux d&rsquo;inspection de portiques vont \u00eatre men\u00e9s sur la RN88. En cons\u00e9quence, les voies de droite ou de gauche, dans les deux sens de circulation, seront neutralis\u00e9es alternativement les journ\u00e9es du lundi 24, mardi 25, mercredi 26 et jeudi 27 novembre, de 9 \u00e0 16 heures.<\/p>\n<p>La RN88 en partie ferm\u00e9e la nuit du 26 au 27 novembre<\/p>\n<p>Dans le sens Saint-\u00c9tienne &#8211; Firminy, la RN88 sera ferm\u00e9e \u00e0 la circulation entre l\u2019\u00e9changeur n\u00b021 du Rond-Point et l\u2019\u00e9changeur n\u00b025.2 de La Ricamarie\/Solaure, la nuit du mercredi 26 novembre de 21 heures \u00e0 6 heures. Une d\u00e9viation sera mise en place via l\u2019A72 direction Andr\u00e9zieux, sortie n\u00b010 en direction de Firminy, RM201, et reprise de la N88 au niveau de La Ricamarie.<\/p>\n<p>Cette fermeture est li\u00e9e \u00e0 la pose d&rsquo;un portique.<\/p>\n<p>A72 : un carottage de chauss\u00e9e entre Saint-\u00c9tienne et La Fouillouse<\/p>\n<p>Dans le sens Saint-\u00c9tienne &#8211; Andr\u00e9zieux-Bouth\u00e9on, les voies de gauche et de droite seront neutralis\u00e9es alternativement les nuits du lundi 24, du mardi 25, du mercredi 26 et du jeudi 27\u00a0novembre de 21 heures \u00e0 6 heures.\u00a0<\/p>\n<p>A72\u00a0: une sortie ferm\u00e9e pour la Saint\u00e9Lyon<\/p>\n<p>Dans le sens Saint-\u00c9tienne &#8211; Clermont-Ferrand, la sortie n\u00b015 \u00ab M\u00e9ons \u00bb de l&rsquo;A72 sera ferm\u00e9e \u00e0 la circulation la nuit de samedi 29 novembre, de 22 heures \u00e0 2 heures, en raison du passage de la course Saint\u00e9Lyon.\u00a0Une d\u00e9viation locale sera mise en place.<\/p>\n<p>\u00a0La RN488 ferm\u00e9e \u00e0 la circulation deux nuits<\/p>\n<p>Dans le sens de circulation Saint-Chamond &#8211; Saint-\u00c9tienne, sur la RN488, la voie de droite est neutralis\u00e9e de mani\u00e8re permanente jusqu&rsquo;au 25 novembre en raison d&rsquo;un affaissement de la chauss\u00e9e. Par ailleurs, la vitesse est r\u00e9duite \u00e0 50 km\/h.<\/p>\n<p>De plus, la RN488 sera ferm\u00e9e \u00e0 la circulation les nuits du lundi 24 et du mardi 25 novembre, de 21 heures \u00e0 6 heures. Une d\u00e9viation locale sera mise en place.<\/p>\n","protected":false},"excerpt":{"rendered":"Sur la RN88, la bretelle de sortie de La Ricamarie ferm\u00e9e En raison d&rsquo;am\u00e9nagements acoustiques, la bretelle de&hellip;\n","protected":false},"author":2,"featured_media":553224,"comment_status":"","ping_status":"","sticky":false,"template":"","format":"standard","meta":{"footnotes":""},"categories":[9653],"tags":[1111,11,2430,3542,1777,674,1011,27,11324,3367,12,25,4001,2803,2086],"class_list":{"0":"post-553223","1":"post","2":"type-post","3":"status-publish","4":"format-standard","5":"has-post-thumbnail","7":"category-saint-etienne","8":"tag-actu","9":"tag-actualites","10":"tag-auvergne-rhone-alpes","11":"tag-circulation","12":"tag-eu","13":"tag-europe","14":"tag-fr","15":"tag-france","16":"tag-la-ricamarie","17":"tag-loire","18":"tag-news","19":"tag-republique-francaise","20":"tag-saint-etienne","21":"tag-transport","22":"tag-travaux"},"share_on_mastodon":{"url":"https:\/\/pubeurope.com\/@fr\/115598689877846188","error":""},"_links":{"self":[{"href":"https:\/\/www.europesays.com\/fr\/wp-json\/wp\/v2\/posts\/553223","targetHints":{"allow":["GET"]}}],"collection":[{"href":"https:\/\/www.europesays.com\/fr\/wp-json\/wp\/v2\/posts"}],"about":[{"href":"https:\/\/www.europesays.com\/fr\/wp-json\/wp\/v2\/types\/post"}],"author":[{"embeddable":true,"href":"https:\/\/www.europesays.com\/fr\/wp-json\/wp\/v2\/users\/2"}],"replies":[{"embeddable":true,"href":"https:\/\/www.europesays.com\/fr\/wp-json\/wp\/v2\/comments?post=553223"}],"version-history":[{"count":0,"href":"https:\/\/www.europesays.com\/fr\/wp-json\/wp\/v2\/posts\/553223\/revisions"}],"wp:featuredmedia":[{"embeddable":true,"href":"https:\/\/www.europesays.com\/fr\/wp-json\/wp\/v2\/media\/553224"}],"wp:attachment":[{"href":"https:\/\/www.europesays.com\/fr\/wp-json\/wp\/v2\/media?parent=553223"}],"wp:term":[{"taxonomy":"category","embeddable":true,"href":"https:\/\/www.europesays.com\/fr\/wp-json\/wp\/v2\/categories?post=553223"},{"taxonomy":"post_tag","embeddable":true,"href":"https:\/\/www.europesays.com\/fr\/wp-json\/wp\/v2\/tags?post=553223"}],"curies":[{"name":"wp","href":"https:\/\/api.w.org\/{rel}","templated":true}]}}