{"id":553225,"date":"2025-11-23T11:06:25","date_gmt":"2025-11-23T11:06:25","guid":{"rendered":"https:\/\/www.europesays.com\/fr\/553225\/"},"modified":"2025-11-23T11:06:25","modified_gmt":"2025-11-23T11:06:25","slug":"maj-bagarre-a-saint-etienne-lhomme-gravement-blesse-est-finalement-decede","status":"publish","type":"post","link":"https:\/\/www.europesays.com\/fr\/553225\/","title":{"rendered":"[M\u00e0J] Bagarre \u00e0 Saint-\u00c9tienne : l&rsquo;homme gravement bless\u00e9 est finalement d\u00e9c\u00e9d\u00e9"},"content":{"rendered":"<p>Une violente rixe a \u00e9clat\u00e9 t\u00f4t ce samedi 22 novembre au matin devant un \u00e9tablissement festif du centre-ville. Un homme de 34 ans est d\u00e9c\u00e9d\u00e9, tandis qu&rsquo;un individu impliqu\u00e9 dans les faits est activement recherch\u00e9 par la police.<\/p>\n<p>La matin\u00e9e a commenc\u00e9 dans la tension \u00e0 <b>Saint-\u00c9tienne<\/b>. Ce <b>samedi 22 novembre<\/b> vers 7 heures, une bagarre a \u00e9clat\u00e9 devant le <b>Square7<\/b>, un \u00e9tablissement festif situ\u00e9 rue Saint-Pierre.\u00a0\u00a0<\/p>\n<p>Selon les premi\u00e8res informations, plusieurs personnes \u00e9taient impliqu\u00e9es dans cette rixe, qui s&rsquo;est d\u00e9roul\u00e9e \u00e0 mains nues, sans arme.\u00a0<\/p>\n<p>Un St\u00e9phanois \u00e2g\u00e9 de 34 ans est <b>d\u00e9c\u00e9d\u00e9<\/b>\u00a0dans la soir\u00e9e de ce samedi.\u00a0<\/p>\n<p>Un individu activement recherch\u00e9<\/p>\n<p>Apr\u00e8s les faits, un individu a pris la fuite et reste activement recherch\u00e9 par les forces de l&rsquo;ordre.\u00a0Aucune interpellation n&rsquo;a eu lieu pour l&rsquo;instant.<\/p>\n<p>Une enqu\u00eate pour violences volontaires ayant entrain\u00e9 la mort sans intention de la donner a \u00e9t\u00e9 ouverte par le parquet st\u00e9phanois.\u00a0<\/p>\n<p><img loading=\"lazy\" decoding=\"async\" src=\"https:\/\/www.europesays.com\/fr\/wp-content\/uploads\/2025\/11\/1763895985_620_img\" width=\"350\" height=\"200\" border=\"0\" title=\"Les secours ont pris en charge la victime qui \u00c3\u00a9tait en \u00c3\u00a9tat d'hypothermie\"\/><\/p>\n<p>\u25baFaits divers<\/p>\n<p style=\"font-size: 22px;\"><b>Roanne : un homme dans un \u00e9tat grave apr\u00e8s s&rsquo;\u00eatre jet\u00e9 dans la Loire en pleine nuit\u00a0<\/b><\/p>\n<p>Les secours ont \u00e9t\u00e9 mobilis\u00e9s dans la nuit du&#8230;<\/p>\n<p><\/p>\n","protected":false},"excerpt":{"rendered":"Une violente rixe a \u00e9clat\u00e9 t\u00f4t ce samedi 22 novembre au matin devant un \u00e9tablissement festif du centre-ville.&hellip;\n","protected":false},"author":2,"featured_media":480958,"comment_status":"","ping_status":"","sticky":false,"template":"","format":"standard","meta":{"footnotes":""},"categories":[9653],"tags":[1111,11,1120,2430,10737,26747,1777,674,1011,27,12,1072,25,9920,4001,67039],"class_list":{"0":"post-553225","1":"post","2":"type-post","3":"status-publish","4":"format-standard","5":"has-post-thumbnail","7":"category-saint-etienne","8":"tag-actu","9":"tag-actualites","10":"tag-agression","11":"tag-auvergne-rhone-alpes","12":"tag-bagarre","13":"tag-bless","14":"tag-eu","15":"tag-europe","16":"tag-fr","17":"tag-france","18":"tag-news","19":"tag-police","20":"tag-republique-francaise","21":"tag-saint-tienne","22":"tag-saint-etienne","23":"tag-square-7"},"share_on_mastodon":{"url":"https:\/\/pubeurope.com\/@fr\/115598695128646785","error":""},"_links":{"self":[{"href":"https:\/\/www.europesays.com\/fr\/wp-json\/wp\/v2\/posts\/553225","targetHints":{"allow":["GET"]}}],"collection":[{"href":"https:\/\/www.europesays.com\/fr\/wp-json\/wp\/v2\/posts"}],"about":[{"href":"https:\/\/www.europesays.com\/fr\/wp-json\/wp\/v2\/types\/post"}],"author":[{"embeddable":true,"href":"https:\/\/www.europesays.com\/fr\/wp-json\/wp\/v2\/users\/2"}],"replies":[{"embeddable":true,"href":"https:\/\/www.europesays.com\/fr\/wp-json\/wp\/v2\/comments?post=553225"}],"version-history":[{"count":0,"href":"https:\/\/www.europesays.com\/fr\/wp-json\/wp\/v2\/posts\/553225\/revisions"}],"wp:featuredmedia":[{"embeddable":true,"href":"https:\/\/www.europesays.com\/fr\/wp-json\/wp\/v2\/media\/480958"}],"wp:attachment":[{"href":"https:\/\/www.europesays.com\/fr\/wp-json\/wp\/v2\/media?parent=553225"}],"wp:term":[{"taxonomy":"category","embeddable":true,"href":"https:\/\/www.europesays.com\/fr\/wp-json\/wp\/v2\/categories?post=553225"},{"taxonomy":"post_tag","embeddable":true,"href":"https:\/\/www.europesays.com\/fr\/wp-json\/wp\/v2\/tags?post=553225"}],"curies":[{"name":"wp","href":"https:\/\/api.w.org\/{rel}","templated":true}]}}