{"id":553226,"date":"2025-11-23T11:10:21","date_gmt":"2025-11-23T11:10:21","guid":{"rendered":"https:\/\/www.europesays.com\/fr\/553226\/"},"modified":"2025-11-23T11:10:21","modified_gmt":"2025-11-23T11:10:21","slug":"asse-nancy-les-notes-des-verts-vainqueurs-mais-pas-brillants","status":"publish","type":"post","link":"https:\/\/www.europesays.com\/fr\/553226\/","title":{"rendered":"ASSE \u2013 Nancy\u00a0: les notes des Verts, vainqueurs mais pas brillants"},"content":{"rendered":"<p><strong>L\u2019ASSE pouvait grimper \u00e0 la 2e place de la Ligue 2 en cas de succ\u00e8s contre Nancy ce samedi soir. Elle y est parvenue en s\u2019imposant (2-1), mais sans briller. Voici nos notes pour les prot\u00e9g\u00e9s d\u2019Horneland\u2026<\/strong><\/p>\n<p>LARSONNEUR (5)<\/p>\n<p>Il n\u2019a eu aucun arr\u00eat \u00e0 faire. Un penalty encaiss\u00e9 et quelques sueurs froides en fin de match sur des coups de pied arr\u00eat\u00e9s<\/p>\n<p>FERREIRA (5)<\/p>\n<p>Le Portugais a v\u00e9cu une premi\u00e8re mi-temps tr\u00e8s d\u00e9licate. F\u00e9brile, il a rat\u00e9 la plupart de ses interventions mais a tout de m\u00eame d\u00e9livr\u00e9 deux-trois bons centres. Et c\u2019est lui qui a provoqu\u00e9 le penalty du 2-0.<\/p>\n<p>BERNAUER (6)<\/p>\n<p>Une belle premi\u00e8re mi-temps. Son retour a fait du bien, que ce soit d\u00e9fensivement, avec un sauvetage (45e), ou dans le jeu, avec sa qualit\u00e9 de relance et son jeu long. Sa faute de main sur le penalty conc\u00e9d\u00e9 est venue ternir sa bonne prestation.<\/p>\n<p>NADE (6)<\/p>\n<p>Toujours aussi solide. Les attaquants lorrains se sont heurt\u00e9s \u00e0 lui \u00e0 chaque fois qu\u2019ils ont crois\u00e9 sa route. Des interceptions, des duels gagn\u00e9s. Il a encore r\u00e9pondu pr\u00e9sent.<\/p>\n<p>ANNAN (5)<\/p>\n<p>Sur son flanc gauche, il s\u2019est plut\u00f4t bien entendu avec Davitashvili. Quelques rat\u00e9s, comme quand il s\u2019est emm\u00e9l\u00e9 les pinceaux au moment de centrer (24e). Mais le couloir gauche a mieux fonctionn\u00e9 que le droit et il doit bien y \u00eatre pour quelque chose\u2026<\/p>\n<p>JABER (6)<\/p>\n<p>Pas tr\u00e8s clair sur l\u2019action qui a amen\u00e9 le penalty nanc\u00e9ien. Mais il a encore \u00e9t\u00e9 le milieu st\u00e9phanois le plus consistant. Au four et au moulin. Un l\u00e2che rien.<\/p>\n<p>MOUEFFEK (5), puis MILADINOVIC<\/p>\n<p>Moueffek a tir\u00e9 au dessus sur une passe en retrait de Boakye (14e). Il a pos\u00e9 des soucis \u00e0 Nancy par ses percussions mais aurait gagn\u00e9 \u00e0 l\u00e2cher un peu plus vite son ballon. Remplac\u00e9 \u00e0 sa grande d\u00e9ception par MILADINOVIC.<\/p>\n<p>TARDIEU (5)<\/p>\n<p>Le num\u00e9ro 10 des Verts n\u2019a pas trembl\u00e9 pour transformer le penalty. Mais dans le jeu, il a \u00e9t\u00e9 assez discret, hormis une frappe sur le poteau alors qu\u2019il \u00e9tait en bonne position (41e). Il a manqu\u00e9\u00a0parfois de justesse et surtout de vivacit\u00e9. Un match au petit trot, comme souvent ces derniers temps.<\/p>\n<p>CARDONA (6), puis N\u2019GUESSAN<\/p>\n<p>Cardona a inscrit un joli but, en \u00e9liminant Basilio avec classe. Mais le reste du temps, il a \u00e9t\u00e9 peu en vue, peu aid\u00e9 dans son couloir par Ferreira. Remplac\u00e9 par N\u2019GUESSAN, auteur d\u2019une entr\u00e9e int\u00e9ressante. Et qui aurait peut-\u00eatre m\u00e9rit\u00e9 de jouer un peu plus en l\u2019absence de Stassin et Duffus\u2026<\/p>\n<p>BOAKYE (5,5)<\/p>\n<p>En faux 9, le Ghan\u00e9en a trouv\u00e9 de bons d\u00e9calages mais Moueffek et Tardieu n\u2019en ont pas profit\u00e9 (14e, 41e). Apr\u00e8s une bonne entame, il a baiss\u00e9 le pied, \u00e0 l\u2019image de l\u2019\u00e9quipe.<\/p>\n<p>DAVITASHVILI (6)<\/p>\n<p>Le G\u00e9orgien n\u2019a pas m\u00e9nag\u00e9 ses efforts, que ce soit pour attaquer ou pour d\u00e9fendre. Il a \u00e9t\u00e9 un danger permanent pour la d\u00e9fense de l\u2019ASNL mais a parfois manqu\u00e9 de soutien. Passeur d\u00e9cisif pour Cardona, il a jou\u00e9 plus collectif que d\u2019habitude. Son meilleur match depuis longtemps.<\/p>\n","protected":false},"excerpt":{"rendered":"L\u2019ASSE pouvait grimper \u00e0 la 2e place de la Ligue 2 en cas de succ\u00e8s contre Nancy ce&hellip;\n","protected":false},"author":2,"featured_media":553227,"comment_status":"","ping_status":"","sticky":false,"template":"","format":"standard","meta":{"footnotes":""},"categories":[9635],"tags":[1111,11,448,1777,674,63,1011,27,775,66,3388,1702,12,25,10662],"class_list":{"0":"post-553226","1":"post","2":"type-post","3":"status-publish","4":"format-standard","5":"has-post-thumbnail","7":"category-nancy","8":"tag-actu","9":"tag-actualites","10":"tag-champions-league","11":"tag-eu","12":"tag-europe","13":"tag-football","14":"tag-fr","15":"tag-france","16":"tag-grand-est","17":"tag-ligue-1","18":"tag-matchs","19":"tag-nancy","20":"tag-news","21":"tag-republique-francaise","22":"tag-transferts"},"share_on_mastodon":{"url":"https:\/\/pubeurope.com\/@fr\/115598709586376781","error":""},"_links":{"self":[{"href":"https:\/\/www.europesays.com\/fr\/wp-json\/wp\/v2\/posts\/553226","targetHints":{"allow":["GET"]}}],"collection":[{"href":"https:\/\/www.europesays.com\/fr\/wp-json\/wp\/v2\/posts"}],"about":[{"href":"https:\/\/www.europesays.com\/fr\/wp-json\/wp\/v2\/types\/post"}],"author":[{"embeddable":true,"href":"https:\/\/www.europesays.com\/fr\/wp-json\/wp\/v2\/users\/2"}],"replies":[{"embeddable":true,"href":"https:\/\/www.europesays.com\/fr\/wp-json\/wp\/v2\/comments?post=553226"}],"version-history":[{"count":0,"href":"https:\/\/www.europesays.com\/fr\/wp-json\/wp\/v2\/posts\/553226\/revisions"}],"wp:featuredmedia":[{"embeddable":true,"href":"https:\/\/www.europesays.com\/fr\/wp-json\/wp\/v2\/media\/553227"}],"wp:attachment":[{"href":"https:\/\/www.europesays.com\/fr\/wp-json\/wp\/v2\/media?parent=553226"}],"wp:term":[{"taxonomy":"category","embeddable":true,"href":"https:\/\/www.europesays.com\/fr\/wp-json\/wp\/v2\/categories?post=553226"},{"taxonomy":"post_tag","embeddable":true,"href":"https:\/\/www.europesays.com\/fr\/wp-json\/wp\/v2\/tags?post=553226"}],"curies":[{"name":"wp","href":"https:\/\/api.w.org\/{rel}","templated":true}]}}