{"id":553237,"date":"2025-11-23T11:18:13","date_gmt":"2025-11-23T11:18:13","guid":{"rendered":"https:\/\/www.europesays.com\/fr\/553237\/"},"modified":"2025-11-23T11:18:13","modified_gmt":"2025-11-23T11:18:13","slug":"municipales-a-grenoble-mon-equipe-naura-pas-vocation-a-faire-la-chasse-aux-dealers-affirme-le-candidat-lfi","status":"publish","type":"post","link":"https:\/\/www.europesays.com\/fr\/553237\/","title":{"rendered":"Municipales \u00e0 Grenoble : \u00ab Mon \u00e9quipe n&rsquo;aura pas vocation \u00e0 faire la chasse aux dealers \u00bb, affirme le candidat LFI"},"content":{"rendered":"<p class=\"font-claude-response-body whitespace-normal break-words\">\u00c0 <a href=\"https:\/\/www.valeursactuelles.com\/regions\/auvergne-rhone-alpes\/isere\/grenoble\/faits-divers\/grenoble-un-adolescent-de-12-ans-touche-par-balle-pres-dun-point-de-deal\" rel=\"nofollow noopener\" target=\"_blank\">Grenoble<\/a>, l\u2019ins\u00e9curit\u00e9 et le <a href=\"https:\/\/www.valeursactuelles.com\/clubvaleurs\/faits-divers\/inside-dz-mafia-au-coeur-du-gang-narco-mafieux\" target=\"_blank\" rel=\"noopener nofollow\">trafic de stup\u00e9fiants<\/a> demeurent au c\u0153ur des pr\u00e9occupations des riverains. Pourtant, dans un entretien accord\u00e9 \u00e0 <a href=\"https:\/\/actu.fr\/auvergne-rhone-alpes\/grenoble_38185\/municipales-a-grenoble-allan-brunon-candidat-lfi-on-ne-fera-pas-la-chasse-aux-dealers_63459101.html\" target=\"_blank\" rel=\"nofollow noopener\">Actu.fr<\/a> le 21 novembre, Allan Brunon, 26 ans, candidat de La France insoumise aux municipales, maintient une ligne ax\u00e9e sur la pr\u00e9vention et la m\u00e9diation. Il pr\u00e9cise sa doctrine en mati\u00e8re de <a href=\"https:\/\/www.valeursactuelles.com\/clubvaleurs\/faits-divers\/dz-mafia-des-narcotrafiquants-en-quete-de-nouveaux-marches\" target=\"_blank\" rel=\"noopener nofollow\">lutte contre le narcotrafic<\/a> : \u00ab On veut faire un grand service public de la tranquillit\u00e9 publique pour traiter les probl\u00e8mes \u00e0 la racine, avec des m\u00e9diateurs dans les quartiers populaires. (\u2026) Mon \u00e9quipe n\u2019aura pas vocation \u00e0 faire la chasse aux dealers. \u00bb<\/p>\n<p><a href=\"https:\/\/www.valeursactuelles.com\/regions\/auvergne-rhone-alpes\/isere\/grenoble\/faits-divers\/grenoble-un-adolescent-de-12-ans-touche-par-balle-pres-dun-point-de-deal\" class=\"h-flex h-align-items-center h-border-tb h-ptb-15\" rel=\"nofollow noopener\" target=\"_blank\">A\u00a0LIRE\u00a0Grenoble : un adolescent de 12 ans touch\u00e9 par balle pr\u00e8s d\u2019un point de deal<\/a><\/p>\n<p class=\"font-claude-response-body whitespace-normal break-words\">Interrog\u00e9 sur la hausse des violences et l\u2019emprise des r\u00e9seaux de drogue, Allan Brunon rejette les r\u00e9ponses qu\u2019il juge \u00ab mauvaises \u00bb, comme l\u2019extension de la vid\u00e9oprotection ou le durcissement de l\u2019armement municipal. Il promet de concentrer l\u2019action sur la \u00ab pr\u00e9vention \u00bb et la \u00ab proximit\u00e9 \u00bb, via des \u00e9quipes de m\u00e9diation d\u00e9ploy\u00e9es \u00ab l\u00e0 o\u00f9 les probl\u00e9matiques sont les plus fortes \u00bb, prioritairement dans les quartiers populaires, y compris en centre-ville. \u00c0 la proposition de son adversaire de droite d\u2019exclure des HLM les dealers condamn\u00e9s, il r\u00e9pond que \u00ab c\u2019est une b\u00eatise absolue \u00bb.<\/p>\n<p class=\"font-claude-response-body whitespace-normal break-words\">Le candidat r\u00e9cuse \u00e9galement une mont\u00e9e en puissance des moyens de la police municipale. \u00ab On n\u2019armera pas davantage la police municipale \u00bb, r\u00e9p\u00e8te-t-il, rappelant qu\u2019elle l\u2019est d\u00e9j\u00e0. S\u2019agissant des cam\u00e9ras, il estime que \u00ab la vid\u00e9oprotection ne fonctionne pas \u00bb. Sa r\u00e9ponse organisationnelle est la cr\u00e9ation d\u2019un \u00ab grand service public de la tranquillit\u00e9 publique \u00bb destin\u00e9 \u00e0 \u00ab traiter \u00e0 la racine \u00bb les troubles li\u00e9s aux trafics et aux incivilit\u00e9s.<\/p>\n<p>LFI rompt avec l\u2019alliance \u00e9cologistes\u2013gauche<a href=\"https:\/\/www.valeursactuelles.com\/politique\/municipales-a-grenoble-entre-eric-piolle-et-marine-tondelier-la-guerre-est-ouverte-chez-les-ecologistes\" class=\"h-flex h-align-items-center h-border-tb h-ptb-15\" rel=\"nofollow noopener\" target=\"_blank\">A\u00a0LIRE\u00a0Municipales \u00e0 Grenoble : entre \u00c9ric Piolle et Marine Tondelier la guerre est ouverte chez les \u00c9cologistes<\/a><\/p>\n<p class=\"font-claude-response-body whitespace-normal break-words\">\u00c0 Grenoble, LFI a choisi de pr\u00e9senter une liste autonome (\u00ab Faire mieux pour Grenoble \u00bb) et a rompu avec l\u2019attelage \u00e9cologistes\u2013gauche en place depuis 2014. Motif invoqu\u00e9 : la n\u00e9cessit\u00e9 de \u00ab faire un programme de rupture \u00bb, explique Allan Brunon. Il affirme \u00e9galement n\u2019avoir obtenu \u00ab aucune garantie d\u2019une absence d\u2019alliance avec les socialistes \u00bb et critique des coupes budg\u00e9taires nationales imput\u00e9es au PS et aux \u00e9cologistes.<\/p>\n<p class=\"font-claude-response-body whitespace-normal break-words\">\u00ab Je ne suis pas mari\u00e9 avec les \u00c9cologistes. (\u2026) L\u2019int\u00e9r\u00eat des Grenoblois est d\u2019avoir une force radicale \u00e0 l\u2019ext\u00e9rieur de cette alliance molle. \u00bb Selon lui, ce sont les autres forces de gauche qui ont \u00ab fait cavalier sans [LFI] \u00bb en refusant de se rallier \u00e0 sa candidature.<\/p>\n","protected":false},"excerpt":{"rendered":"\u00c0 Grenoble, l\u2019ins\u00e9curit\u00e9 et le trafic de stup\u00e9fiants demeurent au c\u0153ur des pr\u00e9occupations des riverains. Pourtant, dans un&hellip;\n","protected":false},"author":2,"featured_media":553238,"comment_status":"","ping_status":"","sticky":false,"template":"","format":"standard","meta":{"footnotes":""},"categories":[9566],"tags":[1111,11,2430,1777,674,1011,27,2731,3479,8721,12,806,25],"class_list":{"0":"post-553237","1":"post","2":"type-post","3":"status-publish","4":"format-standard","5":"has-post-thumbnail","7":"category-grenoble","8":"tag-actu","9":"tag-actualites","10":"tag-auvergne-rhone-alpes","11":"tag-eu","12":"tag-europe","13":"tag-fr","14":"tag-france","15":"tag-grenoble","16":"tag-narcobanditisme","17":"tag-narcotrafic","18":"tag-news","19":"tag-prison","20":"tag-republique-francaise"},"share_on_mastodon":{"url":"https:\/\/pubeurope.com\/@fr\/115598741101521531","error":""},"_links":{"self":[{"href":"https:\/\/www.europesays.com\/fr\/wp-json\/wp\/v2\/posts\/553237","targetHints":{"allow":["GET"]}}],"collection":[{"href":"https:\/\/www.europesays.com\/fr\/wp-json\/wp\/v2\/posts"}],"about":[{"href":"https:\/\/www.europesays.com\/fr\/wp-json\/wp\/v2\/types\/post"}],"author":[{"embeddable":true,"href":"https:\/\/www.europesays.com\/fr\/wp-json\/wp\/v2\/users\/2"}],"replies":[{"embeddable":true,"href":"https:\/\/www.europesays.com\/fr\/wp-json\/wp\/v2\/comments?post=553237"}],"version-history":[{"count":0,"href":"https:\/\/www.europesays.com\/fr\/wp-json\/wp\/v2\/posts\/553237\/revisions"}],"wp:featuredmedia":[{"embeddable":true,"href":"https:\/\/www.europesays.com\/fr\/wp-json\/wp\/v2\/media\/553238"}],"wp:attachment":[{"href":"https:\/\/www.europesays.com\/fr\/wp-json\/wp\/v2\/media?parent=553237"}],"wp:term":[{"taxonomy":"category","embeddable":true,"href":"https:\/\/www.europesays.com\/fr\/wp-json\/wp\/v2\/categories?post=553237"},{"taxonomy":"post_tag","embeddable":true,"href":"https:\/\/www.europesays.com\/fr\/wp-json\/wp\/v2\/tags?post=553237"}],"curies":[{"name":"wp","href":"https:\/\/api.w.org\/{rel}","templated":true}]}}