{"id":553241,"date":"2025-11-23T11:20:28","date_gmt":"2025-11-23T11:20:28","guid":{"rendered":"https:\/\/www.europesays.com\/fr\/553241\/"},"modified":"2025-11-23T11:20:28","modified_gmt":"2025-11-23T11:20:28","slug":"cour-de-recre-non-genree-descente-du-bus-a-la-demande-les-promesses-tenues-de-la-majorite-sortante-pour-renforcer-legalite-hommes-femmes-a-rennes","status":"publish","type":"post","link":"https:\/\/www.europesays.com\/fr\/553241\/","title":{"rendered":"Cour de r\u00e9cr\u00e9 non genr\u00e9e, descente du bus \u00e0 la demande\u00a0: les promesses tenues de la majorit\u00e9 sortante pour renforcer l\u2019\u00e9galit\u00e9 hommes \/ femmes \u00e0 Rennes"},"content":{"rendered":"<p>Cours de r\u00e9cr\u00e9ation : vers la g\u00e9n\u00e9ralisation du \u00ab non genr\u00e9 \u00bb<\/p>\n<p>Mieux organiser l\u2019espace pour \u00e9chapper au sempiternel clich\u00e9 des gar\u00e7ons qui squattent toute la place en jouant au foot et les filles d\u00e9gag\u00e9es aux marges. C\u2019est le principe des cours de r\u00e9cr\u00e9 non genr\u00e9es. \u00ab L\u2019id\u00e9e n\u2019est pas de supprimer le terrain de sport mais bien de r\u00e9interroger sa place au regard des besoins de chacun \u00bb, affirme Didier Chapellon, adjoint d\u00e9l\u00e9gu\u00e9 \u00e0 la biodiversit\u00e9. \u00c0 Rennes, une dizaine de cours d\u2019\u00e9coles publiques ont \u00e9t\u00e9 compl\u00e8tement r\u00e9nov\u00e9es entre 2020 et 2024, au rythme de deux \u00e0 trois par an.<\/p>\n<p>Violences : une maison pour les victimes<\/p>\n<p>Promesse tenue. Rennes a, depuis, le 23 novembre 2023, sa maison des femmes, \u00e0 l\u2019instar de plusieurs collectivit\u00e9s fran\u00e7aises. Port\u00e9e par le CHU, l\u2019association Asfad et la M\u00e9tropole, la maison des femmes Gis\u00e8le-Halimi est situ\u00e9e sur le site de l\u2019H\u00f4pital Sud, dans le quartier du Blosne. Entre son ouverture \u00e0 l\u2019automne 2023 et le printemps 2025, 470 femmes et enfants avaient d\u00e9j\u00e0 franchi ses portes.<\/p>\n<p>Transports : les arr\u00eats \u00e0 la demande valid\u00e9s<\/p>\n<p>Depuis 2023, les usagers du r\u00e9seau de bus peuvent demander \u00e0 descendre n\u2019importe o\u00f9 entre deux arr\u00eats, \u00e0 partir de 22h, sur toutes les lignes, sauf sur les circuits de la Touche Tizon. Le dispositif avait d\u00e9j\u00e0 \u00e9t\u00e9 exp\u00e9riment\u00e9 en janvier 2021 sur deux lignes. Il s\u2019inscrit dans le cadre de la lutte contre les violences sexistes et sexuelles.<\/p>\n<p>Vie publique : presque parit\u00e9 au conseil communautaire<\/p>\n<p>Aller vers la parit\u00e9 au sein de l\u2019ex\u00e9cutif m\u00e9tropolitain (un pr\u00e9sident + 20 vice-pr\u00e9sidents). C\u2019\u00e9tait une promesse de campagne. R\u00e9sultat des courses : on y est presque mais pas encore tout \u00e0 fait : 43 % de femmes pour 57 % d\u2019hommes. N\u00e9anmoins, la progression est consid\u00e9rable par rapport au dernier mandat o\u00f9 seules 24 % si\u00e9geaient. Au sein du conseil municipal, la parit\u00e9 est bien l\u00e0 au sein de la majorit\u00e9 (25 femmes pour 26 hommes). Avec les groupes de la minorit\u00e9, la proportion recule \u00e0 47,5 % de femmes.<\/p>\n","protected":false},"excerpt":{"rendered":"Cours de r\u00e9cr\u00e9ation : vers la g\u00e9n\u00e9ralisation du \u00ab non genr\u00e9 \u00bb Mieux organiser l\u2019espace pour \u00e9chapper au&hellip;\n","protected":false},"author":2,"featured_media":553242,"comment_status":"","ping_status":"","sticky":false,"template":"","format":"standard","meta":{"footnotes":""},"categories":[2821],"tags":[1111,11,829,1777,674,1011,27,848,12,3364,584,25],"class_list":{"0":"post-553241","1":"post","2":"type-post","3":"status-publish","4":"format-standard","5":"has-post-thumbnail","7":"category-rennes","8":"tag-actu","9":"tag-actualites","10":"tag-bretagne","11":"tag-eu","12":"tag-europe","13":"tag-fr","14":"tag-france","15":"tag-ille-et-vilaine","16":"tag-news","17":"tag-politique-a-rennes","18":"tag-rennes","19":"tag-republique-francaise"},"share_on_mastodon":{"url":"https:\/\/pubeurope.com\/@fr\/115598748917551940","error":""},"_links":{"self":[{"href":"https:\/\/www.europesays.com\/fr\/wp-json\/wp\/v2\/posts\/553241","targetHints":{"allow":["GET"]}}],"collection":[{"href":"https:\/\/www.europesays.com\/fr\/wp-json\/wp\/v2\/posts"}],"about":[{"href":"https:\/\/www.europesays.com\/fr\/wp-json\/wp\/v2\/types\/post"}],"author":[{"embeddable":true,"href":"https:\/\/www.europesays.com\/fr\/wp-json\/wp\/v2\/users\/2"}],"replies":[{"embeddable":true,"href":"https:\/\/www.europesays.com\/fr\/wp-json\/wp\/v2\/comments?post=553241"}],"version-history":[{"count":0,"href":"https:\/\/www.europesays.com\/fr\/wp-json\/wp\/v2\/posts\/553241\/revisions"}],"wp:featuredmedia":[{"embeddable":true,"href":"https:\/\/www.europesays.com\/fr\/wp-json\/wp\/v2\/media\/553242"}],"wp:attachment":[{"href":"https:\/\/www.europesays.com\/fr\/wp-json\/wp\/v2\/media?parent=553241"}],"wp:term":[{"taxonomy":"category","embeddable":true,"href":"https:\/\/www.europesays.com\/fr\/wp-json\/wp\/v2\/categories?post=553241"},{"taxonomy":"post_tag","embeddable":true,"href":"https:\/\/www.europesays.com\/fr\/wp-json\/wp\/v2\/tags?post=553241"}],"curies":[{"name":"wp","href":"https:\/\/api.w.org\/{rel}","templated":true}]}}