{"id":553243,"date":"2025-11-23T11:21:24","date_gmt":"2025-11-23T11:21:24","guid":{"rendered":"https:\/\/www.europesays.com\/fr\/553243\/"},"modified":"2025-11-23T11:21:24","modified_gmt":"2025-11-23T11:21:24","slug":"je-ne-sais-pas-ou-est-sa-limite-la-revelation-abdelhamid-ait-boudlal-a-rennes-ligue-1-j13-rennes-monaco-4-1","status":"publish","type":"post","link":"https:\/\/www.europesays.com\/fr\/553243\/","title":{"rendered":"\u00ab\u00a0Je ne sais pas o\u00f9 est sa limite\u202f\u202f\u00bb : la r\u00e9v\u00e9lation Abdelhamid A\u00eft Boudlal \u00e0 Rennes &#8211; Ligue 1 &#8211; J13 &#8211; Rennes-Monaco (4-1)"},"content":{"rendered":"<p>\u00c0 Rennes, les jeunes talents ne sortent pas tous du centre de formation.<\/p>\n<p>Lui s\u2019appelle Abdelhamid A\u00eft Boudlal, il a 19 ans et il est arriv\u00e9 de l\u2019Acad\u00e9mie Mohamed VI du Maroc \u00e0 l\u2019\u00e9t\u00e9 2024. Lo\u00efc D\u00e9sir\u00e9 glissait il y a quelques mois qu\u2019il serait la surprise de la saison, ce d\u00e9fenseur que l\u2019on ne cessait d\u2019annoncer prometteur la saison derni\u00e8re, sans le voir encore arriver en Ligue 1, et finalement pr\u00eat\u00e9 \u00e0 Amiens \u00e0 l\u2019\u00e9chelon inf\u00e9rieur pour six mois.<\/p>\n<p>Ces derniers mois, c\u2019est une autre histoire et Habib Beye n\u2019a jamais cach\u00e9 qu\u2019il aimait beaucoup le profil du joueur qui avait \u00e9t\u00e9 expuls\u00e9 pour <a target=\"_blank\" href=\"https:\/\/www.sofoot.com\/articles\/ligue-1-a-10-contre-11-rennes-douche-lom\" rel=\"nofollow noopener\">sa premi\u00e8re dans l\u2019\u00e9lite contre l\u2019OM, en ao\u00fbt<\/a>. Le voil\u00e0 finalement titulaire \u00e0 Rennes, o\u00f9 il a jou\u00e9 six matchs, marqu\u00e9 deux buts (<a target=\"_blank\" href=\"https:\/\/www.sofoot.com\/articles\/ligue-1-rennes-corrige-monaco-pour-le-retour-de-paul-pogba\" rel=\"nofollow noopener\">dont un contre Monaco ce samedi<\/a>) et m\u00eame d\u00e9livr\u00e9 une passe d\u00e9cisive, tout en s\u2019imposant dans la d\u00e9fense rennaise.<\/p>\n<p>Il a connu sa premi\u00e8re s\u00e9lection avec le Maroc<\/p>\n<p>\u00ab\u202fSouvent, un coach d\u00e9couvre les qualit\u00e9s d\u2019un joueur \u00e0 travers ce qu\u2019il produit \u00e0 l\u2019entra\u00eenement, racontait Beye apr\u00e8s la victoire du week-end. Par moment, on s\u2019est rendu compte que quand il avait 30 m\u00e8tres devant lui, il n\u2019y avait rien qui pouvait le stopper. On s\u2019est dit qu\u2019il pouvait amener cette sup\u00e9riorit\u00e9 \u00e0 l\u2019int\u00e9rieur par cette capacit\u00e9 \u00e0 conduire le ballon, on ne va pas s\u2019en priver. On a cette chance de d\u00e9fendre \u00e0 trois, donc on a toujours deux joueurs en s\u00e9curit\u00e9. \u202f\u00bb<\/p>\n<p>Il y a J\u00e9r\u00e9my Jacquet, 20 ans, et donc A\u00eft Boudlal \u00e0 ses c\u00f4t\u00e9s, une jeunesse qui a d\u00e9cid\u00e9 de prendre le pouvoir derri\u00e8re \u00e0 Rennes. \u00ab\u202fC\u2019est un gar\u00e7on qui a beaucoup d\u2019insouciance, de qualit\u00e9, vraiment je ne sais pas o\u00f9 est sa limite. Il est bon \u00e0 la relance, calme, serein, il apporte d\u00e9fensivement, il est dur dans le duel et tr\u00e8s rarement mis en difficult\u00e9 dans le un contre un,\u00a0continuait Beye.\u00a0C\u2019est un jeune joueur de 2006, qui fera encore des erreurs et il faudra les accepter. On va continuer \u00e0 l\u2019accompagner. \u202f\u00bb En Bretagne comme au Maroc, o\u00f9 il a connu <a target=\"_blank\" href=\"https:\/\/www.sofoot.com\/breves\/nayef-aguerd-quitte-le-rassemblement-du-maroc-plus-tot-que-prevu\" rel=\"nofollow noopener\">sa premi\u00e8re s\u00e9lection, contre l\u2019Ouganda<\/a>, en d\u00e9but de semaine.<\/p>\n<p>La CAN, c\u2019est dans un mois.<\/p>\n<p>\t\t\t\t\t\t\t\t\t\t<a class=\"lien-connexe\" href=\"https:\/\/www.sofoot.com\/breves\/habib-beye-tient-a-ce-quon-parle-de-paul-pogba-au-present\" rel=\"nofollow noopener\" target=\"_blank\">Habib Beye tient \u00e0 ce qu\u2019on parle de Paul Pogba au pr\u00e9sent<\/a>\t\t\t\t\t<\/p>\n","protected":false},"excerpt":{"rendered":"\u00c0 Rennes, les jeunes talents ne sortent pas tous du centre de formation. Lui s\u2019appelle Abdelhamid A\u00eft Boudlal,&hellip;\n","protected":false},"author":2,"featured_media":553244,"comment_status":"","ping_status":"","sticky":false,"template":"","format":"standard","meta":{"footnotes":""},"categories":[2821],"tags":[1111,47,11,61,829,69,65,64,1777,674,63,1011,27,68,66,12,62,70,584,25,67],"class_list":{"0":"post-553243","1":"post","2":"type-post","3":"status-publish","4":"format-standard","5":"has-post-thumbnail","7":"category-rennes","8":"tag-actu","9":"tag-actualite","10":"tag-actualites","11":"tag-actus-football","12":"tag-bretagne","13":"tag-bundesliga","14":"tag-championnats-europeens","15":"tag-equipe-de-france","16":"tag-eu","17":"tag-europe","18":"tag-football","19":"tag-fr","20":"tag-france","21":"tag-ligua","22":"tag-ligue-1","23":"tag-news","24":"tag-news-foot","25":"tag-premier-league","26":"tag-rennes","27":"tag-republique-francaise","28":"tag-serie-a"},"share_on_mastodon":{"url":"https:\/\/pubeurope.com\/@fr\/115598752705563016","error":""},"_links":{"self":[{"href":"https:\/\/www.europesays.com\/fr\/wp-json\/wp\/v2\/posts\/553243","targetHints":{"allow":["GET"]}}],"collection":[{"href":"https:\/\/www.europesays.com\/fr\/wp-json\/wp\/v2\/posts"}],"about":[{"href":"https:\/\/www.europesays.com\/fr\/wp-json\/wp\/v2\/types\/post"}],"author":[{"embeddable":true,"href":"https:\/\/www.europesays.com\/fr\/wp-json\/wp\/v2\/users\/2"}],"replies":[{"embeddable":true,"href":"https:\/\/www.europesays.com\/fr\/wp-json\/wp\/v2\/comments?post=553243"}],"version-history":[{"count":0,"href":"https:\/\/www.europesays.com\/fr\/wp-json\/wp\/v2\/posts\/553243\/revisions"}],"wp:featuredmedia":[{"embeddable":true,"href":"https:\/\/www.europesays.com\/fr\/wp-json\/wp\/v2\/media\/553244"}],"wp:attachment":[{"href":"https:\/\/www.europesays.com\/fr\/wp-json\/wp\/v2\/media?parent=553243"}],"wp:term":[{"taxonomy":"category","embeddable":true,"href":"https:\/\/www.europesays.com\/fr\/wp-json\/wp\/v2\/categories?post=553243"},{"taxonomy":"post_tag","embeddable":true,"href":"https:\/\/www.europesays.com\/fr\/wp-json\/wp\/v2\/tags?post=553243"}],"curies":[{"name":"wp","href":"https:\/\/api.w.org\/{rel}","templated":true}]}}