{"id":553245,"date":"2025-11-23T11:23:32","date_gmt":"2025-11-23T11:23:32","guid":{"rendered":"https:\/\/www.europesays.com\/fr\/553245\/"},"modified":"2025-11-23T11:23:32","modified_gmt":"2025-11-23T11:23:32","slug":"vanessa-koehler-suspend-sa-greve-de-la-faim","status":"publish","type":"post","link":"https:\/\/www.europesays.com\/fr\/553245\/","title":{"rendered":"Vanessa Koehler suspend sa gr\u00e8ve de la faim"},"content":{"rendered":"<p class=\"wp-block-post-excerpt__excerpt\">Apr\u00e8s avoir pass\u00e9 19 jours sans s\u2019alimenter, Vanessa Koehler a suspendu sa gr\u00e8ve de la faim. Le co-secr\u00e9taire de la CGT Educ\u2019action, Dominique Haquette, attend une r\u00e9action du minist\u00e8re de l\u2019\u00c9ducation nationale. <\/p>\n<p class=\"font-sans\">\n\t\t\tCet article est en acc\u00e8s libre. Pour soutenir Rue89 Strasbourg,<br \/>\n\t\t\t<a class=\"underline\" href=\"https:\/\/www.rue89strasbourg.com\/abonnement\" target=\"_blank\" rel=\"noopener\">abonnez-vous<\/a>.\n\t\t<\/p>\n<p>Guillaume Krempp<\/p>\n<p>Publi\u00e9 le 21 novembre 2025\u00a0\u00a0\u00b7\u00a0\u00a0<\/p>\n<p>Imprim\u00e9 le 23 novembre 2025 \u00e0 11h59\u00a0\u00a0\u00b7\u00a0\u00a0<\/p>\n<p>Modifi\u00e9 le 21 novembre 2025\u00a0\u00a0\u00b7\u00a0\u00a0<\/p>\n<p>\t\t\t\t\t1\u00a0minute\n<\/p>\n<p>\u00ab\u00a0La vie de Vanessa est en jeu\u00a0\u00bb, rappelle avec gravit\u00e9 le co-secr\u00e9taire acad\u00e9mique de la CGT \u00c9duc\u2019action Dominique Haquette. Contact\u00e9e par Rue89 Strasbourg dans la matin\u00e9e du mardi 18 novembre, Vanessa Koehler venait de suspendre sa gr\u00e8ve de la faim. Apr\u00e8s avoir pass\u00e9 19 jours sans s\u2019alimenter, elle a recommenc\u00e9 \u00e0 se nourrir depuis le 15 novembre. Pour rappel, la jeune femme de 25 ans figurait sur la liste compl\u00e9mentaire du concours de professeur des \u00e9coles en juillet 2025. \u00c0 quelques pas de la titularisation, l\u2019acad\u00e9mie de Strasbourg ne lui a finalement propos\u00e9 qu\u2019un poste de contractuelle. Une proposition jug\u00e9e aussi pr\u00e9caire qu\u2019inacceptable par Vanessa Koehler.<\/p>\n<p><a href=\"https:\/\/www.rue89strasbourg.com\/user\/offrez-rue89-strasbourg\" target=\"_blank\" rel=\" noreferrer noopener\"><img loading=\"lazy\" decoding=\"async\" width=\"1940\" height=\"500\" src=\"https:\/\/www.europesays.com\/fr\/wp-content\/uploads\/2025\/11\/banner-970x250px-promo-v2-.png\" alt=\"\" class=\"wp-image-367072\" style=\"object-fit:cover;width:970px;height:250px\"  \/><\/a><\/p>\n<p>Individualisation du combat<\/p>\n<p>Malgr\u00e9 sa fatigue, Vanessa est rest\u00e9e d\u00e9termin\u00e9e et a laiss\u00e9 le syndicaliste c\u00e9g\u00e9tiste Dominique Haquette d\u00e9tailler l\u2019\u00e9tat des n\u00e9gociations avec le rectorat de Strasbourg. Ce dernier esp\u00e8re obtenir du minist\u00e8re de l\u2019\u00c9ducation nationale une solution en prenant en compte la situation particuli\u00e8re de la jeune professeure :<\/p>\n<blockquote class=\"wp-block-quote is-layout-flow wp-block-quote-is-layout-flow\">\n<p>\u00ab\u00a0Nous avons pu leur dire que Vanessa se bat par rapport \u00e0 sa situation particuli\u00e8re. Elle n\u2019est pas le fer de lance de toutes les personnes sur liste compl\u00e9mentaire. Nous avons aussi rappel\u00e9 que Vanessa \u00e9tait sur la liste compl\u00e9mentaire \u00e0 Strasbourg et passait le concours en m\u00eame temps \u00e0 l\u2019acad\u00e9mie de Versailles. Les services acad\u00e9miques strasbourgeois lui ont dit que ce n\u2019\u00e9tait pas la peine de poursuivre son concours \u00e0 Versailles. Elle les a crus. Elle pensait qu\u2019elle serait titularis\u00e9e. C\u2019est sur cette situation individuelle et inacceptable que nous avons envoy\u00e9 une lettre au ministre pour qu\u2019il trouve une solution extr\u00eamement rapidement.\u00a0\u00bb<\/p>\n<\/blockquote>\n<p>\t\t\u00ab\u00a0Il ne devrait pas y avoir de s\u00e9quelles\u00a0\u00bb<\/p>\n<p>Selon nos informations, Vanessa ne devrait pas pr\u00e9senter de s\u00e9quelles malgr\u00e9 la perte de 12% de son poids. Elle a \u00e9galement recommenc\u00e9 \u00e0 marcher. Elle attend d\u00e9sormais une r\u00e9ponse de la part du minist\u00e8re de l\u2019\u00c9ducation nationale. <\/p>\n","protected":false},"excerpt":{"rendered":"Apr\u00e8s avoir pass\u00e9 19 jours sans s\u2019alimenter, Vanessa Koehler a suspendu sa gr\u00e8ve de la faim. Le co-secr\u00e9taire&hellip;\n","protected":false},"author":2,"featured_media":553246,"comment_status":"","ping_status":"","sticky":false,"template":"","format":"standard","meta":{"footnotes":""},"categories":[2820],"tags":[51723,1111,11,1777,674,1011,27,775,12,25,640],"class_list":{"0":"post-553245","1":"post","2":"type-post","3":"status-publish","4":"format-standard","5":"has-post-thumbnail","7":"category-strasbourg","8":"tag-academie-de-strasbourg","9":"tag-actu","10":"tag-actualites","11":"tag-eu","12":"tag-europe","13":"tag-fr","14":"tag-france","15":"tag-grand-est","16":"tag-news","17":"tag-republique-francaise","18":"tag-strasbourg"},"share_on_mastodon":{"url":"https:\/\/pubeurope.com\/@fr\/115598761708976775","error":""},"_links":{"self":[{"href":"https:\/\/www.europesays.com\/fr\/wp-json\/wp\/v2\/posts\/553245","targetHints":{"allow":["GET"]}}],"collection":[{"href":"https:\/\/www.europesays.com\/fr\/wp-json\/wp\/v2\/posts"}],"about":[{"href":"https:\/\/www.europesays.com\/fr\/wp-json\/wp\/v2\/types\/post"}],"author":[{"embeddable":true,"href":"https:\/\/www.europesays.com\/fr\/wp-json\/wp\/v2\/users\/2"}],"replies":[{"embeddable":true,"href":"https:\/\/www.europesays.com\/fr\/wp-json\/wp\/v2\/comments?post=553245"}],"version-history":[{"count":0,"href":"https:\/\/www.europesays.com\/fr\/wp-json\/wp\/v2\/posts\/553245\/revisions"}],"wp:featuredmedia":[{"embeddable":true,"href":"https:\/\/www.europesays.com\/fr\/wp-json\/wp\/v2\/media\/553246"}],"wp:attachment":[{"href":"https:\/\/www.europesays.com\/fr\/wp-json\/wp\/v2\/media?parent=553245"}],"wp:term":[{"taxonomy":"category","embeddable":true,"href":"https:\/\/www.europesays.com\/fr\/wp-json\/wp\/v2\/categories?post=553245"},{"taxonomy":"post_tag","embeddable":true,"href":"https:\/\/www.europesays.com\/fr\/wp-json\/wp\/v2\/tags?post=553245"}],"curies":[{"name":"wp","href":"https:\/\/api.w.org\/{rel}","templated":true}]}}