{"id":553258,"date":"2025-11-23T11:32:21","date_gmt":"2025-11-23T11:32:21","guid":{"rendered":"https:\/\/www.europesays.com\/fr\/553258\/"},"modified":"2025-11-23T11:32:21","modified_gmt":"2025-11-23T11:32:21","slug":"girondins-impossible-de-rivaliser-a-dix-le-lan-analyse-la-defaite-contre-bordeaux","status":"publish","type":"post","link":"https:\/\/www.europesays.com\/fr\/553258\/","title":{"rendered":"Girondins : \u201cImpossible de rivaliser \u00e0 dix\u201d, Le Lan analyse la d\u00e9faite contre Bordeaux"},"content":{"rendered":"<p><img decoding=\"async\" src=\"https:\/\/www.europesays.com\/fr\/wp-content\/uploads\/2025\/11\/671_fcdfb2c4852d00ea5973f32098005c4d.jpg\" alt=\"Girondins : \u201cImpossible de rivaliser \u00e0 dix\u201d, Le Lan analyse la d\u00e9faite contre Bordeaux\" class=\"img-responsive mt-3\"\/><\/p>\n<p class=\"text-center mb-3\" style=\"font-size: 14px\">\u00a9 Iconsport<\/p>\n<p>      <strong>Arnaud Le Lan : \u201c\u00c0 dix, c\u2019\u00e9tait trop difficile face aux Girondins\u201d<\/strong><\/p>\n<p style=\"text-align: justify;\">Arnaud Le Lan, entra\u00eeneur de Lorient apr\u00e8s la d\u00e9faite face aux Girondins (0-2) sur Ouest France :<\/p>\n<p style=\"text-align: justify;\">\u00ab\u00a0C\u2019est vrai que ce carton rouge nous a mis dans la difficult\u00e9. \u00c0 dix, \u00e7a devenait compliqu\u00e9 de rivaliser avec cette \u00e9quipe bordelaise. Nous n\u2019avons pas r\u00e9ussi \u00e0 trouver de solution collective pour le faire. Il y a eu des manques, nous n\u2019avons pas tent\u00e9 suffisamment de choses. Il aurait fallu \u00eatre plus ambitieux, plus courageux, \u00eatre capable aussi d\u2019exister un peu plus individuellement.\u00a0\u00bb<\/p>\n<p>\u00c0 lire &gt;&gt; <strong><a href=\"https:\/\/www.webgirondins.com\/actualite-girondins-n2-reaction-de-bruno-irles-apres-la-victoire-face-a-lorient-0-2-131248\" target=\"_blank\" rel=\"noopener\">R\u00e9action de Bruno Irl\u00e8s apr\u00e8s la victoire face \u00e0 Lorient (0-2)<\/a><\/strong><\/p>\n<p>Notre podcast court sur l&rsquo;actu des Girondins :<\/p>\n","protected":false},"excerpt":{"rendered":"\u00a9 Iconsport Arnaud Le Lan : \u201c\u00c0 dix, c\u2019\u00e9tait trop difficile face aux Girondins\u201d Arnaud Le Lan, entra\u00eeneur&hellip;\n","protected":false},"author":2,"featured_media":553259,"comment_status":"","ping_status":"","sticky":false,"template":"","format":"standard","meta":{"footnotes":""},"categories":[2817],"tags":[1111,11,1020,150,15493,1997,1444,8484,2263,1777,674,2823,1011,27,1987,52295,2003,1781,65754,12,2219,3032,25,30734],"class_list":{"0":"post-553258","1":"post","2":"type-post","3":"status-publish","4":"format-standard","5":"has-post-thumbnail","7":"category-bordeaux","8":"tag-actu","9":"tag-actualites","10":"tag-analyse","11":"tag-apres","12":"tag-arnaud","13":"tag-bordeaux","14":"tag-contre","15":"tag-defaite","16":"tag-equipe","17":"tag-eu","18":"tag-europe","19":"tag-face","20":"tag-fr","21":"tag-france","22":"tag-girondins","23":"tag-impossible","24":"tag-livre","25":"tag-lorient","26":"tag-lucide","27":"tag-news","28":"tag-nouvelle-aquitaine","29":"tag-prestation","30":"tag-republique-francaise","31":"tag-rivaliser"},"share_on_mastodon":{"url":"https:\/\/pubeurope.com\/@fr\/115598796309094876","error":""},"_links":{"self":[{"href":"https:\/\/www.europesays.com\/fr\/wp-json\/wp\/v2\/posts\/553258","targetHints":{"allow":["GET"]}}],"collection":[{"href":"https:\/\/www.europesays.com\/fr\/wp-json\/wp\/v2\/posts"}],"about":[{"href":"https:\/\/www.europesays.com\/fr\/wp-json\/wp\/v2\/types\/post"}],"author":[{"embeddable":true,"href":"https:\/\/www.europesays.com\/fr\/wp-json\/wp\/v2\/users\/2"}],"replies":[{"embeddable":true,"href":"https:\/\/www.europesays.com\/fr\/wp-json\/wp\/v2\/comments?post=553258"}],"version-history":[{"count":0,"href":"https:\/\/www.europesays.com\/fr\/wp-json\/wp\/v2\/posts\/553258\/revisions"}],"wp:featuredmedia":[{"embeddable":true,"href":"https:\/\/www.europesays.com\/fr\/wp-json\/wp\/v2\/media\/553259"}],"wp:attachment":[{"href":"https:\/\/www.europesays.com\/fr\/wp-json\/wp\/v2\/media?parent=553258"}],"wp:term":[{"taxonomy":"category","embeddable":true,"href":"https:\/\/www.europesays.com\/fr\/wp-json\/wp\/v2\/categories?post=553258"},{"taxonomy":"post_tag","embeddable":true,"href":"https:\/\/www.europesays.com\/fr\/wp-json\/wp\/v2\/tags?post=553258"}],"curies":[{"name":"wp","href":"https:\/\/api.w.org\/{rel}","templated":true}]}}