{"id":553262,"date":"2025-11-23T11:34:16","date_gmt":"2025-11-23T11:34:16","guid":{"rendered":"https:\/\/www.europesays.com\/fr\/553262\/"},"modified":"2025-11-23T11:34:16","modified_gmt":"2025-11-23T11:34:16","slug":"pres-de-toulouse-elle-pousse-un-senior-et-tire-les-cheveux-de-son-epouse-la-voisine-rebelle-ecrouee","status":"publish","type":"post","link":"https:\/\/www.europesays.com\/fr\/553262\/","title":{"rendered":"Pr\u00e8s de Toulouse. Elle pousse un senior et tire les cheveux de son \u00e9pouse, la voisine rebelle \u00e9crou\u00e9e"},"content":{"rendered":"<p>                    Par<br \/>\n        <strong><br \/>\n            <a href=\"https:\/\/actu.fr\/auteur\/mareva-laville-actu-fr\" title=\"Consulter tous les articles de Mar\u00e9va Laville\" rel=\"nofollow noopener\" target=\"_blank\">Mar\u00e9va Laville<\/a><br \/>\n                    <\/strong><\/p>\n<p>        Publi\u00e9 le<\/p>\n<p>            23 nov. 2025 \u00e0 12h24        <\/p>\n<p>Il y a des conflits entre voisins qui d\u00e9g\u00e9n\u00e8rent un peu trop\u2026 Ces deux habitants de <strong>Colomiers<\/strong>, \u00e0 l\u2019ouest de <a href=\"http:\/\/www.actu.fr\/toulouse\" rel=\"nofollow noopener\" target=\"_blank\">Toulouse<\/a>, en ont tr\u00e8s certainement gard\u00e9 le (mauvais) souvenirs. C\u2019\u00e9tait le 23\u00a0septembre dernier. Le ton monte entre une jeune<strong> femme de 23\u00a0ans<\/strong> et un <strong>couple de personnes \u00e2g\u00e9es<\/strong> de la commune. Les trois logent dans la m\u00eame r\u00e9sidence.<\/p>\n<p class=\" wall-content\">Mais le climat entre les trois protagonistes est loin d\u2019\u00eatre paisible depuis que la jeune femme, sous curatelle, a emm\u00e9nag\u00e9 \u00e0 cette adresse <a href=\"https:\/\/actu.fr\/occitanie\/colomiers_31149\" rel=\"nofollow noopener\" target=\"_blank\">colum\u00e9rine<\/a>. Ce jour-l\u00e0 fait figure d\u2019apog\u00e9e. La jeune femme frappe alors ses deux <strong>voisins seniors \u00e2g\u00e9s de 83 et 85\u00a0ans.<\/strong><\/p>\n<p>La nouvelle habitante devient violente<\/p>\n<p class=\" wall-content\"><strong>\u00ab\u2009Elle saisit la canne<\/strong> de l\u2019octog\u00e9naire et le pousse. Il tombe et s\u2019en retrouve bless\u00e9 \u00e0 la t\u00eate\u2009\u00bb, explique une source polici\u00e8re d\u2019Actu Toulouse. Son \u00e9pouse n\u2019est pas \u00e9pargn\u00e9e. \u00ab\u2009La jeune femme <strong>lui tire les cheveux<\/strong>\u2009\u00bb, assure notre source polici\u00e8re. Les deux personnes \u00e2g\u00e9es doivent \u00eatre transport\u00e9es rapidement \u00e0 l\u2019h\u00f4pital pour des soins.<\/p>\n<p class=\" wall-content\">Des faits que la mise en cause a int\u00e9gralement reconnu lors de sa <strong>comparution imm\u00e9diate<\/strong> au <a href=\"https:\/\/actu.fr\/occitanie\/toulouse_31555\/une-vaste-escroquerie-a-la-tva-jugee-a-toulouse-le-prejudice-s-eleve-a-plus-de-7-millions-d-euros_63420384.html\" rel=\"nofollow noopener\" target=\"_blank\">tribunal correctionnel de Toulouse<\/a> jeudi 20\u00a0novembre 2025. Elle explique n\u00e9anmoins aux juges et au procureur de la R\u00e9publique que \u00ab<strong>\u2009ses voisins lui font vivre un enfer\u2009\u00bb<\/strong> depuis qu\u2019elle habite dans cette r\u00e9sidence.<\/p>\n<p>Six mois de prison ferme<\/p>\n<p class=\" wall-content\">Mais la violence est loin de r\u00e9soudre les maux. Les juges la condamnent \u00e0 <strong>12\u00a0mois de prison<\/strong>, avec ex\u00e9cution provisoire, dont <strong>six mois de sursis provisoire<\/strong> courant sur deux ans, avec obligation de suivre des soins, de travailler, interdiction de porter une arme pendant cinq ans et interdiction d\u2019entrer en contact avec les victimes et de se rendre \u00e0 leur domicile. La jeune femme est d\u2019ailleurs tenue de les indemniser.<\/p>\n<p class=\" wall-content\">Les<strong> six mois de prison ferme<\/strong> devraient \u00eatre am\u00e9nag\u00e9s, avec une d\u00e9tention \u00e0 domicile sous surveillance \u00e9lectronique. La jeune femme devra n\u00e9anmoins rester en d\u00e9tention jusqu\u2019\u00e0 son passage devant le juge d\u2019application des peines.<\/p>\n<p>Vid\u00e9os : en ce moment sur Actu<\/p>\n<p class=\" wall-content\">Personnalisez votre actualit\u00e9 en ajoutant vos villes et m\u00e9dias en favori avec <a href=\"https:\/\/moncompte.actu.fr\" title=\"D\u00e9couvez Mon Actu\" rel=\"nofollow noopener\" data-trk=\"{&quot;cta&quot;:{&quot;action&quot;:&quot;https:\\\/\\\/moncompte.actu.fr&quot;,&quot;category&quot;:&quot;mon compte&quot;,&quot;from&quot;:&quot;article footer&quot;,&quot;name&quot;:&quot;Mon actu&quot;,&quot;type&quot;:&quot;cta&quot;}}\" target=\"_blank\">Mon Actu<\/a>.<\/p>\n","protected":false},"excerpt":{"rendered":"Par Mar\u00e9va Laville Publi\u00e9 le 23 nov. 2025 \u00e0 12h24 Il y a des conflits entre voisins qui&hellip;\n","protected":false},"author":2,"featured_media":553263,"comment_status":"","ping_status":"","sticky":false,"template":"","format":"standard","meta":{"footnotes":""},"categories":[2816],"tags":[1111,11,1777,674,118,1011,27,303,12,2680,1072,25,2312],"class_list":{"0":"post-553262","1":"post","2":"type-post","3":"status-publish","4":"format-standard","5":"has-post-thumbnail","7":"category-toulouse","8":"tag-actu","9":"tag-actualites","10":"tag-eu","11":"tag-europe","12":"tag-faits-divers","13":"tag-fr","14":"tag-france","15":"tag-justice","16":"tag-news","17":"tag-occitanie","18":"tag-police","19":"tag-republique-francaise","20":"tag-toulouse"},"share_on_mastodon":{"url":"https:\/\/pubeurope.com\/@fr\/115598803817775452","error":""},"_links":{"self":[{"href":"https:\/\/www.europesays.com\/fr\/wp-json\/wp\/v2\/posts\/553262","targetHints":{"allow":["GET"]}}],"collection":[{"href":"https:\/\/www.europesays.com\/fr\/wp-json\/wp\/v2\/posts"}],"about":[{"href":"https:\/\/www.europesays.com\/fr\/wp-json\/wp\/v2\/types\/post"}],"author":[{"embeddable":true,"href":"https:\/\/www.europesays.com\/fr\/wp-json\/wp\/v2\/users\/2"}],"replies":[{"embeddable":true,"href":"https:\/\/www.europesays.com\/fr\/wp-json\/wp\/v2\/comments?post=553262"}],"version-history":[{"count":0,"href":"https:\/\/www.europesays.com\/fr\/wp-json\/wp\/v2\/posts\/553262\/revisions"}],"wp:featuredmedia":[{"embeddable":true,"href":"https:\/\/www.europesays.com\/fr\/wp-json\/wp\/v2\/media\/553263"}],"wp:attachment":[{"href":"https:\/\/www.europesays.com\/fr\/wp-json\/wp\/v2\/media?parent=553262"}],"wp:term":[{"taxonomy":"category","embeddable":true,"href":"https:\/\/www.europesays.com\/fr\/wp-json\/wp\/v2\/categories?post=553262"},{"taxonomy":"post_tag","embeddable":true,"href":"https:\/\/www.europesays.com\/fr\/wp-json\/wp\/v2\/tags?post=553262"}],"curies":[{"name":"wp","href":"https:\/\/api.w.org\/{rel}","templated":true}]}}