{"id":553265,"date":"2025-11-23T11:37:17","date_gmt":"2025-11-23T11:37:17","guid":{"rendered":"https:\/\/www.europesays.com\/fr\/553265\/"},"modified":"2025-11-23T11:37:17","modified_gmt":"2025-11-23T11:37:17","slug":"face-a-lepisode-de-froid-letat-et-la-ville-de-marseille-se-mobilisent-actualites","status":"publish","type":"post","link":"https:\/\/www.europesays.com\/fr\/553265\/","title":{"rendered":"Face \u00e0 l\u2019\u00e9pisode de froid, l\u2019\u00c9tat et la Ville de Marseille se mobilisent &#8211; Actualit\u00e9s"},"content":{"rendered":"<p>\n            Mis \u00e0 jour le\u00a023\/11\/2025\n        <\/p>\n<p>                                                                                                    <img decoding=\"async\" class=\"fr-responsive-img\" src=\"https:\/\/www.europesays.com\/fr\/wp-content\/uploads\/2025\/11\/Face-a-l-episode-de-froid-l-Etat-et-la-Ville-de-Marseille-se-mobilisent_large.png\" alt=\"\" style=\"aspect-ratio: 1.7765957446809;\"\/><\/p>\n<p class=\" text-justify\">Compte-tenu de l\u2019\u00e9pisode de froid persistant les prochains jours, la pr\u00e9fecture des Bouches-du-Rh\u00f4ne a d\u00e9cid\u00e9 d\u2019activer le niveau 1 de vigilance hivernale pour les personnes sans-abri.<\/p>\n<p class=\" text-justify\">Des capacit\u00e9s d\u2019h\u00e9bergement suppl\u00e9mentaires sont mobilis\u00e9es, au-del\u00e0 des 6 726 places p\u00e9rennes, notamment 75 places en surcapacit\u00e9 dans des centres d\u2019h\u00e9bergement existants (dont 40 \u00e0 Marseille, 15 \u00e0 Vitrolles, 17 dans l\u2019arrondissement d\u2019Aix-en-Provence) et des places pour les familles et les femmes isol\u00e9es au sein des structures h\u00f4teli\u00e8res.<\/p>\n<p class=\" text-justify\">Depuis ce vendredi 21 novembre le gymnase municipal Vallier a \u00e9t\u00e9 mis \u00e0 disposition par la Ville de Marseille.<\/p>\n<p class=\" text-justify\">Alors que le site pr\u00e9voyait initialement une mise \u00e0 l\u2019abri pour 50 hommes isol\u00e9s, la capacit\u00e9 d\u2019accueil a \u00e9t\u00e9 \u00e9tendue d\u00e8s le samedi 22 novembre \u00e0 90 places.<\/p>\n<p class=\" text-justify\">L\u2019admission des publics accueillis au sein de ce gymnase s\u2019effectue uniquement sur orientation du 115, du Samu Social et des op\u00e9rateurs de veille sociale habilit\u00e9s.<\/p>\n<p class=\" text-justify\">Cet accueil \u00e9tant pr\u00e9vu jusqu\u2019au mardi 25 novembre, il peut \u00eatre prolong\u00e9 aussi longtemps que les conditions m\u00e9t\u00e9orologiques l&rsquo;exigent.<\/p>\n<p class=\" text-justify\">Les citoyens peuvent contribuer \u00e0 ce dispositif en signalant toute personne en d\u00e9tresse \u00e0 la rue en appelant le 115 (appel gratuit, 24h\/24). La solidarit\u00e9 est l\u2019affaire de tous !<\/p>\n","protected":false},"excerpt":{"rendered":"Mis \u00e0 jour le\u00a023\/11\/2025 Compte-tenu de l\u2019\u00e9pisode de froid persistant les prochains jours, la pr\u00e9fecture des Bouches-du-Rh\u00f4ne a&hellip;\n","protected":false},"author":2,"featured_media":553266,"comment_status":"","ping_status":"","sticky":false,"template":"","format":"standard","meta":{"footnotes":""},"categories":[2814],"tags":[1111,11,1777,674,1011,27,884,12,882,25],"class_list":{"0":"post-553265","1":"post","2":"type-post","3":"status-publish","4":"format-standard","5":"has-post-thumbnail","7":"category-marseille","8":"tag-actu","9":"tag-actualites","10":"tag-eu","11":"tag-europe","12":"tag-fr","13":"tag-france","14":"tag-marseille","15":"tag-news","16":"tag-provence-alpes-cote-dazur","17":"tag-republique-francaise"},"share_on_mastodon":{"url":"https:\/\/pubeurope.com\/@fr\/115598816766665511","error":""},"_links":{"self":[{"href":"https:\/\/www.europesays.com\/fr\/wp-json\/wp\/v2\/posts\/553265","targetHints":{"allow":["GET"]}}],"collection":[{"href":"https:\/\/www.europesays.com\/fr\/wp-json\/wp\/v2\/posts"}],"about":[{"href":"https:\/\/www.europesays.com\/fr\/wp-json\/wp\/v2\/types\/post"}],"author":[{"embeddable":true,"href":"https:\/\/www.europesays.com\/fr\/wp-json\/wp\/v2\/users\/2"}],"replies":[{"embeddable":true,"href":"https:\/\/www.europesays.com\/fr\/wp-json\/wp\/v2\/comments?post=553265"}],"version-history":[{"count":0,"href":"https:\/\/www.europesays.com\/fr\/wp-json\/wp\/v2\/posts\/553265\/revisions"}],"wp:featuredmedia":[{"embeddable":true,"href":"https:\/\/www.europesays.com\/fr\/wp-json\/wp\/v2\/media\/553266"}],"wp:attachment":[{"href":"https:\/\/www.europesays.com\/fr\/wp-json\/wp\/v2\/media?parent=553265"}],"wp:term":[{"taxonomy":"category","embeddable":true,"href":"https:\/\/www.europesays.com\/fr\/wp-json\/wp\/v2\/categories?post=553265"},{"taxonomy":"post_tag","embeddable":true,"href":"https:\/\/www.europesays.com\/fr\/wp-json\/wp\/v2\/tags?post=553265"}],"curies":[{"name":"wp","href":"https:\/\/api.w.org\/{rel}","templated":true}]}}