{"id":553267,"date":"2025-11-23T11:38:31","date_gmt":"2025-11-23T11:38:31","guid":{"rendered":"https:\/\/www.europesays.com\/fr\/553267\/"},"modified":"2025-11-23T11:38:31","modified_gmt":"2025-11-23T11:38:31","slug":"usbek-rica-plongee-dans-une-marseille-du-futur-les-pieds-dans-leau","status":"publish","type":"post","link":"https:\/\/www.europesays.com\/fr\/553267\/","title":{"rendered":"Usbek &#038; Rica &#8211; Plong\u00e9e dans une Marseille du futur les pieds dans l&rsquo;eau"},"content":{"rendered":"<p>Marseille les pieds dans l\u2019eau, Marseille travers\u00e9e de voitures autonomes au design futuriste, ou encore Marseille rev\u00e9g\u00e9talis\u00e9e. Dans sa s\u00e9rie La Cinqui\u00e8me Saison, Thomas Pendeliau projette diff\u00e9rents futurs de la cit\u00e9 phoc\u00e9enne, entre effondrement civilisationnel, r\u00e9silience urbaine et renouveau technologique. \u00ab\u00a02089 me semblait \u00eatre un futur \u00e0 la fois assez proche et suffisamment \u00e9loign\u00e9 pour imaginer des changements radicaux\u00a0\u00bb, d\u00e9taille l\u2019artiste bas\u00e9 \u00e0 Arles. Son choix s\u2019est port\u00e9 sur une ville qu\u2019il conna\u00eet bien, et qu\u2019il sait fragile face \u00e0 la mont\u00e9e des eaux et l\u2019effondrement du vivant.\u00a0<\/p>\n<p>Les \u0153uvres de Thomas Pendeliau sont le fruit d\u2019un m\u00e9ticuleux travail m\u00ealant photographie traditionnelle et diverses techniques num\u00e9riques o\u00f9 le prompt, cette instruction adress\u00e9e \u00e0 un outil d\u2019intelligence artificielle, se mue en art \u00e0 part enti\u00e8re. Le r\u00e9sultat\u00a0: un futur r\u00e9solument pluriel qui s\u00e8me le trouble entre r\u00e9alit\u00e9 et fiction, tout en s\u2019\u00e9cartant des trajectoires toutes trac\u00e9es.<\/p>\n","protected":false},"excerpt":{"rendered":"Marseille les pieds dans l\u2019eau, Marseille travers\u00e9e de voitures autonomes au design futuriste, ou encore Marseille rev\u00e9g\u00e9talis\u00e9e. Dans&hellip;\n","protected":false},"author":2,"featured_media":553268,"comment_status":"","ping_status":"","sticky":false,"template":"","format":"standard","meta":{"footnotes":""},"categories":[2814],"tags":[1111,11,1777,674,1011,27,884,12,882,25],"class_list":{"0":"post-553267","1":"post","2":"type-post","3":"status-publish","4":"format-standard","5":"has-post-thumbnail","7":"category-marseille","8":"tag-actu","9":"tag-actualites","10":"tag-eu","11":"tag-europe","12":"tag-fr","13":"tag-france","14":"tag-marseille","15":"tag-news","16":"tag-provence-alpes-cote-dazur","17":"tag-republique-francaise"},"share_on_mastodon":{"url":"https:\/\/pubeurope.com\/@fr\/115598819591796771","error":""},"_links":{"self":[{"href":"https:\/\/www.europesays.com\/fr\/wp-json\/wp\/v2\/posts\/553267","targetHints":{"allow":["GET"]}}],"collection":[{"href":"https:\/\/www.europesays.com\/fr\/wp-json\/wp\/v2\/posts"}],"about":[{"href":"https:\/\/www.europesays.com\/fr\/wp-json\/wp\/v2\/types\/post"}],"author":[{"embeddable":true,"href":"https:\/\/www.europesays.com\/fr\/wp-json\/wp\/v2\/users\/2"}],"replies":[{"embeddable":true,"href":"https:\/\/www.europesays.com\/fr\/wp-json\/wp\/v2\/comments?post=553267"}],"version-history":[{"count":0,"href":"https:\/\/www.europesays.com\/fr\/wp-json\/wp\/v2\/posts\/553267\/revisions"}],"wp:featuredmedia":[{"embeddable":true,"href":"https:\/\/www.europesays.com\/fr\/wp-json\/wp\/v2\/media\/553268"}],"wp:attachment":[{"href":"https:\/\/www.europesays.com\/fr\/wp-json\/wp\/v2\/media?parent=553267"}],"wp:term":[{"taxonomy":"category","embeddable":true,"href":"https:\/\/www.europesays.com\/fr\/wp-json\/wp\/v2\/categories?post=553267"},{"taxonomy":"post_tag","embeddable":true,"href":"https:\/\/www.europesays.com\/fr\/wp-json\/wp\/v2\/tags?post=553267"}],"curies":[{"name":"wp","href":"https:\/\/api.w.org\/{rel}","templated":true}]}}