{"id":553269,"date":"2025-11-23T11:39:14","date_gmt":"2025-11-23T11:39:14","guid":{"rendered":"https:\/\/www.europesays.com\/fr\/553269\/"},"modified":"2025-11-23T11:39:14","modified_gmt":"2025-11-23T11:39:14","slug":"pollution-une-qualite-de-lair-bonne-a-moyenne-a-lyon-dimanche-2","status":"publish","type":"post","link":"https:\/\/www.europesays.com\/fr\/553269\/","title":{"rendered":"Pollution : une qualit\u00e9 de l&rsquo;air bonne \u00e0 moyenne \u00e0 Lyon dimanche"},"content":{"rendered":"<p>                            <img loading=\"lazy\" width=\"1200\" height=\"900\" class=\"attachment-article size-article wp-post-image lazyload\" alt=\"\" decoding=\"async\" src=\"https:\/\/www.europesays.com\/fr\/wp-content\/uploads\/2025\/04\/Image-d\u2019iOS-6-scaled-e1735236613804-1200x900.jpg\" data-eio-rwidth=\"1200\" data-eio-rheight=\"900\"\/><\/p>\n<p>Pollution \u00e0 Lyon \u00a9 Florent Deligia<\/p>\n<p class=\"content\" style=\"font-size:1.2em;font-weight:700\">La qualit\u00e9 de l&rsquo;air sera bonne \u00e0 moyenne \u00e0 Lyon et dans la m\u00e9tropole de Lyon ce dimanche 23 novembre 2025.<\/p>\n<p>La qualit\u00e9 de l&rsquo;air s&rsquo;am\u00e9liore l\u00e9g\u00e8rement \u00e0 Lyon ce dimanche. Gr\u00e2ce \u00e0 des conditions m\u00e9t\u00e9orologiques dispersives, principalement des averses et un renforcement du vent, l&rsquo;air devrait \u00eatre un peu plus respirable que la veille avec une qualit\u00e9 bonne \u00e0 moyenne hormis autour des grands axes de circulation comme la M7 et le boulevard p\u00e9riph\u00e9rique o\u00f9 l&rsquo;air sera d\u00e9grad\u00e9.<\/p>\n<p><strong>Lire aussi :<\/strong> <a href=\"https:\/\/www.lyoncapitale.fr\/meteo\/meteo-une-journee-nuageuse-a-lyon-ce-dimanche\" target=\"_blank\" rel=\"noopener\">M\u00e9t\u00e9o : une journ\u00e9e nuageuse \u00e0 Lyon ce dimanche<\/a><\/p>\n<p>Dans le d\u00e9tail, les niveaux d&rsquo;ozone, de dioxyde de soufre et de particules fines PM10 seront bons, alors que les niveaux de dioxyde d&rsquo;azote et de particules fines PM2.5 seront moyens.  <\/p>\n<p>Pour la journ\u00e9e de lundi 24 novembre, les conditions m\u00e9t\u00e9o similaires \u00e0 celles d&rsquo;aujourd&rsquo;hui devraient garantir le maintien d\u2019une qualit\u00e9 bonne \u00e0 moyenne, pr\u00e9voit <a href=\"https:\/\/www.atmo-auvergnerhonealpes.fr\/\" target=\"_blank\" rel=\"noreferrer noopener\">Atmo<\/a>, l&rsquo;observatoire d\u00e9di\u00e9 en Auvergne-Rh\u00f4ne-Alpes.<\/p>\n","protected":false},"excerpt":{"rendered":"Pollution \u00e0 Lyon \u00a9 Florent Deligia La qualit\u00e9 de l&rsquo;air sera bonne \u00e0 moyenne \u00e0 Lyon et dans&hellip;\n","protected":false},"author":2,"featured_media":53838,"comment_status":"","ping_status":"","sticky":false,"template":"","format":"standard","meta":{"footnotes":""},"categories":[1889],"tags":[1111,11,2430,1777,674,1011,27,2428,12,2434,25],"class_list":{"0":"post-553269","1":"post","2":"type-post","3":"status-publish","4":"format-standard","5":"has-post-thumbnail","7":"category-lyon","8":"tag-actu","9":"tag-actualites","10":"tag-auvergne-rhone-alpes","11":"tag-eu","12":"tag-europe","13":"tag-fr","14":"tag-france","15":"tag-lyon","16":"tag-news","17":"tag-qualite-de-lair","18":"tag-republique-francaise"},"share_on_mastodon":{"url":"https:\/\/pubeurope.com\/@fr\/115598824152887907","error":""},"_links":{"self":[{"href":"https:\/\/www.europesays.com\/fr\/wp-json\/wp\/v2\/posts\/553269","targetHints":{"allow":["GET"]}}],"collection":[{"href":"https:\/\/www.europesays.com\/fr\/wp-json\/wp\/v2\/posts"}],"about":[{"href":"https:\/\/www.europesays.com\/fr\/wp-json\/wp\/v2\/types\/post"}],"author":[{"embeddable":true,"href":"https:\/\/www.europesays.com\/fr\/wp-json\/wp\/v2\/users\/2"}],"replies":[{"embeddable":true,"href":"https:\/\/www.europesays.com\/fr\/wp-json\/wp\/v2\/comments?post=553269"}],"version-history":[{"count":0,"href":"https:\/\/www.europesays.com\/fr\/wp-json\/wp\/v2\/posts\/553269\/revisions"}],"wp:featuredmedia":[{"embeddable":true,"href":"https:\/\/www.europesays.com\/fr\/wp-json\/wp\/v2\/media\/53838"}],"wp:attachment":[{"href":"https:\/\/www.europesays.com\/fr\/wp-json\/wp\/v2\/media?parent=553269"}],"wp:term":[{"taxonomy":"category","embeddable":true,"href":"https:\/\/www.europesays.com\/fr\/wp-json\/wp\/v2\/categories?post=553269"},{"taxonomy":"post_tag","embeddable":true,"href":"https:\/\/www.europesays.com\/fr\/wp-json\/wp\/v2\/tags?post=553269"}],"curies":[{"name":"wp","href":"https:\/\/api.w.org\/{rel}","templated":true}]}}