{"id":553270,"date":"2025-11-23T11:40:22","date_gmt":"2025-11-23T11:40:22","guid":{"rendered":"https:\/\/www.europesays.com\/fr\/553270\/"},"modified":"2025-11-23T11:40:22","modified_gmt":"2025-11-23T11:40:22","slug":"compositions-chaine-tv-heure-et-cotes-30","status":"publish","type":"post","link":"https:\/\/www.europesays.com\/fr\/553270\/","title":{"rendered":"Compositions, Cha\u00eene TV, Heure et Cotes"},"content":{"rendered":"<p style=\"text-align: justify;\"><strong>LIGUE 1 2025-2026 \u2013 \u00c0 quelle heure et sur quelle cha\u00eene TV suivre le match de Ligue 1 entre Auxerre et l\u2019Olympique Lyonnais ? Retrouvez \u00e9galement les compositions des deux \u00e9quipes.<\/strong><\/p>\n<p style=\"text-align: justify;\"><strong>Auxerre<\/strong> traverse une passe bien compliqu\u00e9e, et est pour le moment lanterne rouge en Ligue 1. Les <strong>Auxerrois<\/strong> restent sur quatre d\u00e9faits de rang avant la tr\u00eave internationale, face au <strong>Havre<\/strong>, \u00e0 <strong>Strasbourg<\/strong>, \u00e0 <strong>Marseille<\/strong> et <strong>Angers<\/strong>. Leur derni\u00e8re victoire remonte \u00e0 la fin du mois de septembre, face \u00e0 Toulouse, sur le score de 1 \u00e0 0.<\/p>\n<p>Lyon veut reprendre sa marche en avant<\/p>\n<p style=\"text-align: justify;\">Apr\u00e8s un d\u00e9but de saison canon, l\u2019<strong>Olympique Lyonnais<\/strong> a marqu\u00e9 le pas sur le mois d\u2019octobre et d\u00e9but novembre. Avant la tr\u00eave internationale, les <strong>Lyonnais<\/strong> ont encha\u00een\u00e9 quatre matchs sans victoire toutes comp\u00e9titions confondues. En championnat, ils ont conc\u00e9d\u00e9 le nul face au <strong>Paris<\/strong> <strong>FC<\/strong> et <strong>Brest<\/strong> et se sont inclin\u00e9s face au <strong>PSG<\/strong>. En <strong>Ligue<\/strong> <strong>Europa<\/strong>, l\u2019<strong>OL<\/strong> a connu son premier revers face au <strong>Betis<\/strong>.<\/p>\n<p><a href=\"https:\/\/dicodusport.fr\/blog\/ligue-1-2025-2026-j12-denouement-cruel-pour-lyon-battu-dans-le-temps-additionnel-par-le-psg\/\" class=\"vlp-link\" title=\"Ligue 1 2025-2026 (J12) : D\u00e9nouement cruel pour Lyon, battu dans le temps additionnel par le PSG\" rel=\"nofollow noopener\" target=\"_blank\"><img loading=\"lazy\" decoding=\"async\" style=\"max-width: 792px;\" width=\"792\" height=\"445\" class=\"attachment-800x445 size-800x445 perfmatters-lazy\" alt=\"Ligue 1 2025-2026 (J12) D\u00e9nouement cruel pour Lyon, battu dans le temps additionnel par le PSG\" src=\"https:\/\/www.europesays.com\/fr\/wp-content\/uploads\/2025\/11\/Ligue-1-2025-2026-J12-Denouement-cruel-pour-Lyon-battu-dans-le-temps-additionnel-par-le-PSG.png\"  data-\/><\/p>\n<p>Ligue 1 2025-2026 (J12) : D\u00e9nouement cruel pour Lyon, battu dans le temps additionnel par le PSG<\/p>\n<p>Dans un match \u00e0 rebondissements, Lyon pensait tenir un point pr\u00e9cieux face au PSG. Mais Jo\u00e3o Neves, h\u00e9ros du soir, a surgi \u00e0 la 96\u00e8me minute pour offrir la victoire aux Parisiens (2-3). Cruel pour un OL combatif.<\/p>\n<p>Lire l&rsquo;article<\/p>\n<p>dicodusport.fr<\/p>\n<p style=\"text-align: justify;\">La saison pass\u00e9e, <strong>Lyon<\/strong> s\u2019est impos\u00e9 3 \u00e0 1 sur la pelouse d\u2019<strong>Auxerre<\/strong>. Chez les bookmakers, l\u2019<strong>Olympique Lyonnais<\/strong> est favori pour cette rencontre de <strong>Ligue<\/strong> <strong>1<\/strong>.<\/p>\n<p>Ligue 1 : Le programme TV d\u2019Auxerre-Lyon<br \/>\nDimanche 23 novembre 2025<\/p>\n<p style=\"text-align: justify;\"><b>Match diffus\u00e9 sur Ligue 1+<\/b><b>\u00a0: <\/b>D\u00e9but du match \u00e0<strong> 15h00<\/strong>.<\/p>\n<p>Les compositions probables d\u2019Auxerre-Lyon<br \/>\nLa composition d\u2019Auxerre<\/p>\n<p style=\"text-align: justify;\">Leon \u2013 Sy, Diomand\u00e9, Akpa, Mensah \u2013 Matondo, El-Azzouzi, Danois \u2013 Sinayoo, Mara, Namaso<\/p>\n<p>La composition de Lyon<\/p>\n<p style=\"text-align: justify;\">Greif \u2013 Maitland-Niles, Mata, Niakhat\u00e9, Abner \u2013 Tolisso, Tessmann, Merah \u2013 Karabec, Moreira, Satriano<\/p>\n<p>Les cotes d\u2019Auxerre-Lyon<\/p>\n<tr style=\"height: 16px;\">\n<td style=\"background-color: #404040; border-color: #ededed; width: 840px; text-align: left;\" colspan=\"3\"><strong><img loading=\"lazy\" decoding=\"async\" class=\"alignnone wp-image-512842 perfmatters-lazy\" alt=\"\" width=\"14\" height=\"13\" src=\"https:\/\/www.europesays.com\/fr\/wp-content\/uploads\/2025\/05\/Logo-Winamax.png\"  data-\/> Dimanche 23 novembre 15h00<\/strong><\/td>\n<\/tr>\n<tr style=\"height: 24px;\">\n<td style=\"background-color: #ffffff; border-color: #ededed; vertical-align: middle; text-align: center; width: 266px;\"><strong>Auxerre<br \/><\/strong><a href=\"https:\/\/www.winamax.fr\/paris-sportifs\/match\/61526206?banid=33423\" class=\"su-button su-button-style-flat su-button-wide\" style=\"color:#fff;background-color:#0860ff;border-color:#074dcc;border-radius:5px\" target=\"_blank\" rel=\"noopener noreferrer nofollow\"> 3.60<\/a><\/td>\n<td style=\"background-color: #ffffff; border-color: #ededed; vertical-align: middle; text-align: center; width: 266px;\"><strong>Match nul<\/strong><br \/><a href=\"https:\/\/www.winamax.fr\/paris-sportifs\/match\/61526206?banid=33423\" class=\"su-button su-button-style-flat su-button-wide\" style=\"color:#fff;background-color:#0860ff;border-color:#074dcc;border-radius:5px\" target=\"_blank\" rel=\"noopener noreferrer nofollow\"> 3.35<\/a><\/td>\n<td style=\"background-color: #ffffff; border-color: #ededed; vertical-align: middle; text-align: center; width: 266px;\"><strong>Lyon<\/strong><br \/><a href=\"https:\/\/www.winamax.fr\/paris-sportifs\/match\/61526206?banid=33423\" class=\"su-button su-button-style-flat su-button-wide\" style=\"color:#fff;background-color:#0860ff;border-color:#074dcc;border-radius:5px\" target=\"_blank\" rel=\"noopener noreferrer nofollow\"> 1.92<\/a><\/td>\n<\/tr>\n<p style=\"text-align: justify;\">Tentez votre chance en profitant de votre <a href=\"https:\/\/www.winamax.fr\/registration\/landing\/affiliation_Bonus100?banid=33423\" rel=\"nofollow noopener\" target=\"_blank\">1er d\u00e9p\u00f4t doubl\u00e9 jusqu\u2019\u00e0 100 \u20ac<\/a> direct en paris gratuits sur Winamax !<\/p>\n","protected":false},"excerpt":{"rendered":"LIGUE 1 2025-2026 \u2013 \u00c0 quelle heure et sur quelle cha\u00eene TV suivre le match de Ligue 1&hellip;\n","protected":false},"author":2,"featured_media":553271,"comment_status":"","ping_status":"","sticky":false,"template":"","format":"standard","meta":{"footnotes":""},"categories":[1889],"tags":[1111,11,2430,4245,2113,1777,674,63,1011,27,66,2428,12,978,502,25],"class_list":{"0":"post-553270","1":"post","2":"type-post","3":"status-publish","4":"format-standard","5":"has-post-thumbnail","7":"category-lyon","8":"tag-actu","9":"tag-actualites","10":"tag-auvergne-rhone-alpes","11":"tag-auxerre","12":"tag-breve","13":"tag-eu","14":"tag-europe","15":"tag-football","16":"tag-fr","17":"tag-france","18":"tag-ligue-1","19":"tag-lyon","20":"tag-news","21":"tag-olympique-lyonnais","22":"tag-programme-tv","23":"tag-republique-francaise"},"share_on_mastodon":{"url":"https:\/\/pubeurope.com\/@fr\/115598827739157204","error":""},"_links":{"self":[{"href":"https:\/\/www.europesays.com\/fr\/wp-json\/wp\/v2\/posts\/553270","targetHints":{"allow":["GET"]}}],"collection":[{"href":"https:\/\/www.europesays.com\/fr\/wp-json\/wp\/v2\/posts"}],"about":[{"href":"https:\/\/www.europesays.com\/fr\/wp-json\/wp\/v2\/types\/post"}],"author":[{"embeddable":true,"href":"https:\/\/www.europesays.com\/fr\/wp-json\/wp\/v2\/users\/2"}],"replies":[{"embeddable":true,"href":"https:\/\/www.europesays.com\/fr\/wp-json\/wp\/v2\/comments?post=553270"}],"version-history":[{"count":0,"href":"https:\/\/www.europesays.com\/fr\/wp-json\/wp\/v2\/posts\/553270\/revisions"}],"wp:featuredmedia":[{"embeddable":true,"href":"https:\/\/www.europesays.com\/fr\/wp-json\/wp\/v2\/media\/553271"}],"wp:attachment":[{"href":"https:\/\/www.europesays.com\/fr\/wp-json\/wp\/v2\/media?parent=553270"}],"wp:term":[{"taxonomy":"category","embeddable":true,"href":"https:\/\/www.europesays.com\/fr\/wp-json\/wp\/v2\/categories?post=553270"},{"taxonomy":"post_tag","embeddable":true,"href":"https:\/\/www.europesays.com\/fr\/wp-json\/wp\/v2\/tags?post=553270"}],"curies":[{"name":"wp","href":"https:\/\/api.w.org\/{rel}","templated":true}]}}