{"id":553272,"date":"2025-11-23T11:42:13","date_gmt":"2025-11-23T11:42:13","guid":{"rendered":"https:\/\/www.europesays.com\/fr\/553272\/"},"modified":"2025-11-23T11:42:13","modified_gmt":"2025-11-23T11:42:13","slug":"lorchestre-national-dile-de-france-invite-a-un-tour-du-monde","status":"publish","type":"post","link":"https:\/\/www.europesays.com\/fr\/553272\/","title":{"rendered":"L&rsquo;Orchestre national d&rsquo;\u00cele-de-France invite \u00e0 un tour du monde&#8230;"},"content":{"rendered":"<p><strong>Sous la baguette de Dina Gilbert, l\u2019Orchestre national d\u2019\u00cele-de-France invite \u00e0 un tour du monde des rythmes de danse, avec la trompette de Pacho Flores et un certain tropisme latino qui apporte un peu de chaleur avant les f\u00eates de fin d\u2019ann\u00e9e.<\/strong><\/p>\n<p>La fascination pour les couleurs hispaniques remonte au XIX\u00e8me si\u00e8cle, et l\u2019op\u00e9ra Carmen de Bizet, dont Guiraud a tir\u00e9 deux suites orchestrales, en est l\u2019exemple le plus c\u00e9l\u00e8bre. \u00c0 la m\u00eame \u00e9poque, Borodine fait chanter les steppes d\u2019Asie centrale dans les Danses polovtsiennes extraites du Prince Igor. Les neuf num\u00e9ros des Danses symphoniques que Bernstein a tir\u00e9es de West Side Story condensent toute la palette m\u00e9tiss\u00e9e de sa plus c\u00e9l\u00e8bre com\u00e9die musicale. Le clarinettiste et saxophoniste cubain Paquito D\u2019Rivera, grand nom actuel du latin jazz, est un autre exemple d\u2019\u00e9clectisme stylistique. Pour le trompettiste Pacho Flores, il a \u00e9crit un Concerto Venezolano qu\u2019il a enregistr\u00e9 pour Deutsche Grammophon. Form\u00e9 par El Sistema, le soliste v\u00e9n\u00e9zu\u00e9lien, invit\u00e9 du programme dirig\u00e9 par Dina Gilbert, interpr\u00e8te \u00e9galement une de ses propres compositions, une chanson sans paroles, Morocota. Quant au Danzon n\u00b02 de Marquez, d\u00e9sormais au r\u00e9pertoire d\u2019orchestres toujours plus nombreux, il transforme un rythme traditionnel en une sorte d\u2019irr\u00e9sistible hymne \u00e0 la culture mexicaine contemporaine.<\/p>\n<p>\u00a0<\/p>\n<p>Gilles Charlassier<\/p>\n","protected":false},"excerpt":{"rendered":"Sous la baguette de Dina Gilbert, l\u2019Orchestre national d\u2019\u00cele-de-France invite \u00e0 un tour du monde des rythmes de&hellip;\n","protected":false},"author":2,"featured_media":553273,"comment_status":"","ping_status":"","sticky":false,"template":"","format":"standard","meta":{"footnotes":""},"categories":[1592],"tags":[1111,11,1777,674,1011,27,662,1577,12,626,25],"class_list":{"0":"post-553272","1":"post","2":"type-post","3":"status-publish","4":"format-standard","5":"has-post-thumbnail","7":"category-ile-de-france","8":"tag-actu","9":"tag-actualites","10":"tag-eu","11":"tag-europe","12":"tag-fr","13":"tag-france","14":"tag-ile-de-france","15":"tag-l","16":"tag-news","17":"tag-paris","18":"tag-republique-francaise"},"share_on_mastodon":{"url":"https:\/\/pubeurope.com\/@fr\/115598835456952650","error":""},"_links":{"self":[{"href":"https:\/\/www.europesays.com\/fr\/wp-json\/wp\/v2\/posts\/553272","targetHints":{"allow":["GET"]}}],"collection":[{"href":"https:\/\/www.europesays.com\/fr\/wp-json\/wp\/v2\/posts"}],"about":[{"href":"https:\/\/www.europesays.com\/fr\/wp-json\/wp\/v2\/types\/post"}],"author":[{"embeddable":true,"href":"https:\/\/www.europesays.com\/fr\/wp-json\/wp\/v2\/users\/2"}],"replies":[{"embeddable":true,"href":"https:\/\/www.europesays.com\/fr\/wp-json\/wp\/v2\/comments?post=553272"}],"version-history":[{"count":0,"href":"https:\/\/www.europesays.com\/fr\/wp-json\/wp\/v2\/posts\/553272\/revisions"}],"wp:featuredmedia":[{"embeddable":true,"href":"https:\/\/www.europesays.com\/fr\/wp-json\/wp\/v2\/media\/553273"}],"wp:attachment":[{"href":"https:\/\/www.europesays.com\/fr\/wp-json\/wp\/v2\/media?parent=553272"}],"wp:term":[{"taxonomy":"category","embeddable":true,"href":"https:\/\/www.europesays.com\/fr\/wp-json\/wp\/v2\/categories?post=553272"},{"taxonomy":"post_tag","embeddable":true,"href":"https:\/\/www.europesays.com\/fr\/wp-json\/wp\/v2\/tags?post=553272"}],"curies":[{"name":"wp","href":"https:\/\/api.w.org\/{rel}","templated":true}]}}