{"id":553276,"date":"2025-11-23T11:44:19","date_gmt":"2025-11-23T11:44:19","guid":{"rendered":"https:\/\/www.europesays.com\/fr\/553276\/"},"modified":"2025-11-23T11:44:19","modified_gmt":"2025-11-23T11:44:19","slug":"le-plus-grand-deurope-ouvre-sur-280-000-m2-a-2h40-de-paris","status":"publish","type":"post","link":"https:\/\/www.europesays.com\/fr\/553276\/","title":{"rendered":"le plus grand d\u2019Europe ouvre sur 280 000 m2 \u00e0 2h40 de Paris"},"content":{"rendered":"<p>Lepointdujour.fr &#8211; March\u00e9 de No\u00ebl: le plus grand d\u2019Europe ouvre sur 280 000 m2 \u00e0 2h40 de Paris &#8211; Cr\u00e9dit photo \u00a9 Paris Select Book<\/p>\n<p>Chaque hiver, un march\u00e9 de No\u00ebl g\u00e9ant rallume la fi\u00e8vre festive en Europe. D\u00e8s la tomb\u00e9e de la nuit, les all\u00e9es \u00e9tincellent et les odeurs r\u00e9chauffent les mains et les c\u0153urs. Ainsi, la promenade devient un rituel partag\u00e9, entre <a href=\"https:\/\/www.parisselectbook.com\/2025\/11\/22\/noel-2025-jardin-enchante-sillumine-au-musee-de-loutil-val-doise-95-sortie-en-famille\/\" target=\"_blank\" rel=\"noopener\">familles<\/a>, amis et voyageurs.<\/p>\n<p>Un rendez-vous g\u00e9ant au c\u0153ur de l\u2019hiver<\/p>\n<p>Selon les organisateurs, l\u2019\u00e9dition annonc\u00e9e revendique le titre de <strong>plus grand march\u00e9 de No\u00ebl d\u2019Europe<\/strong>. Sur place, la sc\u00e9nographie tire parti de vastes places et de larges boulevards. De plus, une <strong><a href=\"https:\/\/www.parisselectbook.com\/2025\/11\/22\/patinoire-cachee-pres-de-paris-lune-des-plus-belles-chateau-illumine-et-domaine-feerique-nouvre-que-quelques-jours\/\" target=\"_blank\" rel=\"noopener\">patinoire XXL<\/a><\/strong> forme le c\u0153ur d\u2019un village anim\u00e9. Enfin, un <strong>tra\u00eeneau a\u00e9rien<\/strong> et une <strong>grande roue panoramique<\/strong> signent une vue d\u2019ensemble.<\/p>\n<p>Le march\u00e9 de No\u00ebl s\u2019organise en quartiers th\u00e9matiques, chacun avec sa signature. Ainsi, on passe d\u2019<a href=\"https:\/\/www.parisselectbook.com\/2025\/11\/22\/magasin-de-jouets-le-plus-ancien-de-paris-170-ans-dans-une-galerie-romantique-du-xixe-visitez-le-avant-la-ruee-des-fetes\/\" target=\"_blank\" rel=\"noopener\">ateliers d\u2019artisans<\/a> \u00e0 des stands de gourmandises. En revanche, le fil rouge reste l\u2019ambiance lumineuse, pens\u00e9e pour tous les \u00e2ges. L\u2019exp\u00e9rience vise la balade lente, sans bousculade inutile.<\/p>\n<p>Les saveurs tiennent une place centrale, avec vin chaud, <a href=\"https:\/\/www.parisselectbook.com\/2025\/11\/21\/lhotel-hoxton-invite-pepite-cookie-le-must-pour-un-hiver-gourmand-et-delicieusement-chocolate\/\" target=\"_blank\" rel=\"noopener\">chocolat chaud<\/a> et pains d\u2019\u00e9pices. De plus, des chalets proposent d\u00e9corations, bougies et objets faits main. Ici, on privil\u00e9gie les mati\u00e8res nobles et les circuits courts, quand c\u2019est possible. Le march\u00e9 de No\u00ebl garde ainsi une identit\u00e9 conviviale et lisible.<\/p>\n<blockquote>\n<p>\u00ab On vient pour les lumi\u00e8res, on reste pour la chaleur humaine. \u00bb<\/p>\n<\/blockquote>\n<p>Artisanat, saveurs et grande roue\u00a0: le trio gagnant<\/p>\n<p>Les artisans racontent leurs gestes et partagent des id\u00e9es-cadeaux uniques. Ainsi, un achat devient une rencontre, souvent ponctu\u00e9e d\u2019une d\u00e9monstration. De plus, la <strong>grande roue panoramique<\/strong> attire les curieux, surtout au coucher du soleil. Le march\u00e9 de No\u00ebl gagne alors une dimension spectaculaire.<\/p>\n<p>C\u00f4t\u00e9 papilles, la carte r\u00e9conforte entre recettes r\u00e9gionales et classiques d\u2019hiver. Par cons\u00e9quent, chacun compose son parcours selon ses envies et son budget. Aussi, la <strong>patinoire XXL<\/strong> rythme la soir\u00e9e avec une musique douce. Le march\u00e9 de No\u00ebl garde un tempo familial, propice aux souvenirs.<\/p>\n<ul>\n<li>Ambiance lumineuse continue sur les principales places.<\/li>\n<li>Animations saisonni\u00e8res pour les enfants et les familles.<\/li>\n<li>Rep\u00e8res clairs pour se d\u00e9placer entre les quartiers.<\/li>\n<li>Espaces de pause \u00e0 l\u2019abri du vent et de la pluie.<\/li>\n<li>Signal\u00e9tique simple pour l\u2019acc\u00e8s aux transports.<\/li>\n<\/ul>\n<p>Conseils pratiques pour profiter du site<\/p>\n<p>Avant de partir, v\u00e9rifiez l\u2019ouverture des zones et les \u00e9ventuelles files. Ainsi, vous adaptez votre venue aux moments plus calmes. De plus, arrivez t\u00f4t pour profiter des premi\u00e8res lumi\u00e8res. Le march\u00e9 de No\u00ebl s\u2019appr\u00e9cie encore mieux avant le pic du soir.<\/p>\n<p>Pour les familles, pr\u00e9voyez des couches d\u2019habits et un plan simple. En revanche, \u00e9vitez les sacs trop volumineux dans les all\u00e9es. Par cons\u00e9quent, fixez un point de rendez-vous en cas de s\u00e9paration. Le march\u00e9 de No\u00ebl reste vaste et anim\u00e9 \u00e0 certaines heures.<\/p>\n<p>Les organisateurs annoncent d\u2019ordinaire des informations pratiques sur place. Ainsi, des indications aident les personnes \u00e0 <strong>mobilit\u00e9 r\u00e9duite<\/strong>. D\u2019ailleurs, des zones calmes peuvent soulager les enfants sensibles au bruit. Le march\u00e9 de No\u00ebl n\u2019oublie pas l\u2019accueil pour tous.<\/p>\n<p>Impact local et esprit solidaire<\/p>\n<p>Ce rendez-vous soutient des <strong>artisans locaux<\/strong> et des m\u00e9tiers de saison. Ainsi, la cha\u00eene de valeur reste visible pour le visiteur. De plus, les stands favorisent souvent des mati\u00e8res durables. Le march\u00e9 de No\u00ebl cr\u00e9e un lien direct entre cr\u00e9ateurs et public.<\/p>\n<p>Sur l\u2019empreinte \u00e9cologique, chacun peut agir \u00e0 son niveau. Par cons\u00e9quent, privil\u00e9giez des contenants r\u00e9utilisables et des trajets courts. Aussi, triez vos d\u00e9chets aux points pr\u00e9vus par les \u00e9quipes. Le march\u00e9 de No\u00ebl gagne alors en sobri\u00e9t\u00e9 sans perdre sa magie.<\/p>\n<p>Les temps forts \u00e0 ne pas manquer<\/p>\n<p>Les illuminations marquent un premier pic d\u2019\u00e9motion, surtout d\u00e8s la nuit. Ainsi, photographe ou non, on guette l\u2019instant o\u00f9 les fa\u00e7ades s\u2019embrasent. De plus, des man\u00e8ges ajoutent une touche ludique et rythm\u00e9e. Le march\u00e9 de No\u00ebl devient une sc\u00e8ne vivante, \u00e0 ciel ouvert.<\/p>\n<p>Certains soirs, une programmation musicale accompagne la fl\u00e2nerie en douceur. En revanche, les familles privil\u00e9gient les animations calmes en d\u00e9but de soir\u00e9e. Aussi, le <strong>tra\u00eeneau a\u00e9rien<\/strong> promet une vue in\u00e9dite sur les toits. Le march\u00e9 de No\u00ebl ferme alors la parenth\u00e8se sur une note po\u00e9tique.<\/p>\n<p>Pour pr\u00e9parer votre venue, anticipez la m\u00e9t\u00e9o et pr\u00e9voyez des gants. Ainsi, l\u2019exp\u00e9rience reste agr\u00e9able m\u00eame en cas de vent glacial. Ensuite, gardez une marge de temps pour repartir sereinement. Enfin, un dernier tour suffit parfois \u00e0 ancrer le meilleur souvenir.<\/p>\n","protected":false},"excerpt":{"rendered":"Lepointdujour.fr &#8211; March\u00e9 de No\u00ebl: le plus grand d\u2019Europe ouvre sur 280 000 m2 \u00e0 2h40 de Paris&hellip;\n","protected":false},"author":2,"featured_media":553277,"comment_status":"","ping_status":"","sticky":false,"template":"","format":"standard","meta":{"footnotes":""},"categories":[1888],"tags":[1111,1928,11,1927,1777,674,1011,27,36053,12,1926,626,1925,25],"class_list":{"0":"post-553276","1":"post","2":"type-post","3":"status-publish","4":"format-standard","5":"has-post-thumbnail","7":"category-paris","8":"tag-actu","9":"tag-actu-paris","10":"tag-actualites","11":"tag-actualites-paris","12":"tag-eu","13":"tag-europe","14":"tag-fr","15":"tag-france","16":"tag-marche-de-noel","17":"tag-news","18":"tag-news-paris","19":"tag-paris","20":"tag-paris-news","21":"tag-republique-francaise"},"share_on_mastodon":{"url":"https:\/\/pubeurope.com\/@fr\/115598843351468666","error":""},"_links":{"self":[{"href":"https:\/\/www.europesays.com\/fr\/wp-json\/wp\/v2\/posts\/553276","targetHints":{"allow":["GET"]}}],"collection":[{"href":"https:\/\/www.europesays.com\/fr\/wp-json\/wp\/v2\/posts"}],"about":[{"href":"https:\/\/www.europesays.com\/fr\/wp-json\/wp\/v2\/types\/post"}],"author":[{"embeddable":true,"href":"https:\/\/www.europesays.com\/fr\/wp-json\/wp\/v2\/users\/2"}],"replies":[{"embeddable":true,"href":"https:\/\/www.europesays.com\/fr\/wp-json\/wp\/v2\/comments?post=553276"}],"version-history":[{"count":0,"href":"https:\/\/www.europesays.com\/fr\/wp-json\/wp\/v2\/posts\/553276\/revisions"}],"wp:featuredmedia":[{"embeddable":true,"href":"https:\/\/www.europesays.com\/fr\/wp-json\/wp\/v2\/media\/553277"}],"wp:attachment":[{"href":"https:\/\/www.europesays.com\/fr\/wp-json\/wp\/v2\/media?parent=553276"}],"wp:term":[{"taxonomy":"category","embeddable":true,"href":"https:\/\/www.europesays.com\/fr\/wp-json\/wp\/v2\/categories?post=553276"},{"taxonomy":"post_tag","embeddable":true,"href":"https:\/\/www.europesays.com\/fr\/wp-json\/wp\/v2\/tags?post=553276"}],"curies":[{"name":"wp","href":"https:\/\/api.w.org\/{rel}","templated":true}]}}