{"id":55328,"date":"2025-04-26T21:32:09","date_gmt":"2025-04-26T21:32:09","guid":{"rendered":"https:\/\/www.europesays.com\/fr\/55328\/"},"modified":"2025-04-26T21:32:09","modified_gmt":"2025-04-26T21:32:09","slug":"paris-des-detonations-sement-la-panique-sur-les-champs-elysees","status":"publish","type":"post","link":"https:\/\/www.europesays.com\/fr\/55328\/","title":{"rendered":"Paris : des d\u00e9tonations s\u00e8ment la panique sur les Champs-\u00c9lys\u00e9es"},"content":{"rendered":"<p>Des d\u00e9tonations ont \u00e9t\u00e9 entendues ce samedi soir pr\u00e8s du magasin Sephora des Champs-\u00c9lys\u00e9es, \u00e0 Paris.Il ne s&rsquo;agissait que de jets de p\u00e9tards, mais des fausses alertes se sont rapidement propag\u00e9es.<\/p>\n<p data-module=\"article-paragraph\" class=\"jsx-362436225 Paragraph\">Des d\u00e9tonations entendues ce samedi 26 avril sur l&rsquo;avenue des Champs-\u00c9lys\u00e9es, \u00e0 Paris, ont caus\u00e9 la frayeur des riverains et provoqu\u00e9 une certaine confusion sur les r\u00e9seaux sociaux, quitte \u00e0 nourrir la d\u00e9sinformation. L&rsquo;incident est clos \u00e0 pr\u00e9sent.<\/p>\n<p data-module=\"article-paragraph\" class=\"jsx-362436225 Paragraph Paragraph__End\">Peu apr\u00e8s 20h30, la pr\u00e9fecture de police a communiqu\u00e9 sur le sujet, indiquant sur son <a href=\"https:\/\/x.com\/prefpolice\/status\/1916199654422695985\" target=\"_blank\">compte X (nouvelle fen\u00eatre)<\/a> que \u00ab\u00a0suite \u00e0 un bruit pouvant s&rsquo;apparenter \u00e0 une d\u00e9tonation ou une chute d&rsquo;objet lourd, la police a \u00e9t\u00e9 requise. Une lev\u00e9e de doute est en cours dans un commerce qui a \u00e9t\u00e9 \u00e9vacu\u00e9, un p\u00e9rim\u00e8tre de s\u00e9curit\u00e9 est \u00e9tabli. Laissez les forces de l&rsquo;ordre travailler. Ne propagez pas de fausses informations\u00a0\u00bb.\u00a0<\/p>\n<p>La rumeur d&rsquo;une fusillade ou d&rsquo;un attentat<\/p>\n<p data-module=\"article-paragraph\" class=\"jsx-362436225 Paragraph\">En effet, des images <a href=\"https:\/\/x.com\/OlivierJorba\/status\/1916203098248516023\" target=\"_blank\">ont circul\u00e9 (nouvelle fen\u00eatre)<\/a> dans la soir\u00e9e, montrant l&rsquo;avenue la plus c\u00e9l\u00e8bre du monde \u00e9vacu\u00e9e et boucl\u00e9e par la police. Le doute a vite \u00e9t\u00e9 lev\u00e9, la pr\u00e9fecture partageant au service police-justice de TF1\/LCI \u00ab\u00a0l\u2019hypoth\u00e8se confirm\u00e9e par un t\u00e9moin ayant jet\u00e9 un p\u00e9tard \u00e0 l\u2019int\u00e9rieur du commerce\u00a0\u00bb Sephora. Et d&rsquo;ajouter <a href=\"https:\/\/x.com\/prefpolice\/status\/1916210006757671136?KRT4NIWKVDRXEQO2VA3SDRMOE.php\" target=\"_blank\">publiquement (nouvelle fen\u00eatre)<\/a> vers 21h : \u00ab\u00a0Une enqu\u00eate est ouverte, notamment pour identifier l\u2019auteur\u00a0\u00bb.\u00a0<\/p>\n<p data-module=\"article-paragraph\" class=\"jsx-362436225 Paragraph Paragraph__End\">Malgr\u00e9 tout, la rumeur de coups de feu tir\u00e9s par des hommes dans le magasin, parfois \u00e0 \u00ab\u00a0la mitraillette\u00a0\u00bb, s&rsquo;est rapidement propag\u00e9e sur X. Des comptes ont partag\u00e9 la th\u00e8se d&rsquo;une \u00ab\u00a0fusillade\u00a0\u00bb, voire celle d&rsquo;un attentat. \u00ab\u00a0&lsquo;Un homme est rentr\u00e9 avec une arme et tire partout !&rsquo; Que se passe-t-il au #Sephora des Champs \u00c9lys\u00e9es en ce moment ?!\u00a0\u00bb, a par exemple tweet\u00e9 Florian Philippot, un habitu\u00e9 de la complosph\u00e8re, en relayant une vid\u00e9o qui aurait \u00e9t\u00e9 prise dans le Sephora et que nous n&rsquo;avons pas authentifi\u00e9e. Avant de d\u00e9mentir, une fois le calme revenu : \u00ab\u00a0Ouf rien de grave manifestement !\u00a0\u00bb. \u00a0<\/p>\n<p>C.Q <\/p>\n","protected":false},"excerpt":{"rendered":"Des d\u00e9tonations ont \u00e9t\u00e9 entendues ce samedi soir pr\u00e8s du magasin Sephora des Champs-\u00c9lys\u00e9es, \u00e0 Paris.Il ne s&rsquo;agissait&hellip;\n","protected":false},"author":2,"featured_media":55329,"comment_status":"","ping_status":"","sticky":false,"template":"","format":"standard","meta":{"footnotes":""},"categories":[1888],"tags":[1111,1928,11,1927,2618,1921,1777,674,1011,27,1922,2954,12,1926,626,1925,1072,25,133,2953],"class_list":{"0":"post-55328","1":"post","2":"type-post","3":"status-publish","4":"format-standard","5":"has-post-thumbnail","7":"category-paris","8":"tag-actu","9":"tag-actu-paris","10":"tag-actualites","11":"tag-actualites-paris","12":"tag-anne-hidalgo","13":"tag-article-video","14":"tag-eu","15":"tag-europe","16":"tag-fr","17":"tag-france","18":"tag-info","19":"tag-justice-et-faits-divers","20":"tag-news","21":"tag-news-paris","22":"tag-paris","23":"tag-paris-news","24":"tag-police","25":"tag-republique-francaise","26":"tag-video","27":"tag-video-police"},"share_on_mastodon":{"url":"https:\/\/pubeurope.com\/@fr\/114406407763408426","error":""},"_links":{"self":[{"href":"https:\/\/www.europesays.com\/fr\/wp-json\/wp\/v2\/posts\/55328","targetHints":{"allow":["GET"]}}],"collection":[{"href":"https:\/\/www.europesays.com\/fr\/wp-json\/wp\/v2\/posts"}],"about":[{"href":"https:\/\/www.europesays.com\/fr\/wp-json\/wp\/v2\/types\/post"}],"author":[{"embeddable":true,"href":"https:\/\/www.europesays.com\/fr\/wp-json\/wp\/v2\/users\/2"}],"replies":[{"embeddable":true,"href":"https:\/\/www.europesays.com\/fr\/wp-json\/wp\/v2\/comments?post=55328"}],"version-history":[{"count":0,"href":"https:\/\/www.europesays.com\/fr\/wp-json\/wp\/v2\/posts\/55328\/revisions"}],"wp:featuredmedia":[{"embeddable":true,"href":"https:\/\/www.europesays.com\/fr\/wp-json\/wp\/v2\/media\/55329"}],"wp:attachment":[{"href":"https:\/\/www.europesays.com\/fr\/wp-json\/wp\/v2\/media?parent=55328"}],"wp:term":[{"taxonomy":"category","embeddable":true,"href":"https:\/\/www.europesays.com\/fr\/wp-json\/wp\/v2\/categories?post=55328"},{"taxonomy":"post_tag","embeddable":true,"href":"https:\/\/www.europesays.com\/fr\/wp-json\/wp\/v2\/tags?post=55328"}],"curies":[{"name":"wp","href":"https:\/\/api.w.org\/{rel}","templated":true}]}}