{"id":553280,"date":"2025-11-23T11:46:24","date_gmt":"2025-11-23T11:46:24","guid":{"rendered":"https:\/\/www.europesays.com\/fr\/553280\/"},"modified":"2025-11-23T11:46:24","modified_gmt":"2025-11-23T11:46:24","slug":"ces-neuf-personnalites-de-paris-et-dile-de-france-integrent-ledition-2026-du-whos-who-le-dico-des-stars","status":"publish","type":"post","link":"https:\/\/www.europesays.com\/fr\/553280\/","title":{"rendered":"Ces neuf personnalit\u00e9s de Paris et d&rsquo;\u00cele-de-France int\u00e8grent l&rsquo;\u00e9dition 2026 du Who&rsquo;s Who, le dico des stars"},"content":{"rendered":"<p>                    Par<br \/>\n        <strong><br \/>\n            <a href=\"https:\/\/actu.fr\/auteur\/glenn-gillet\" title=\"Consulter tous les articles de Glenn Gillet\" target=\"_blank\" rel=\"noopener\">Glenn Gillet<\/a><br \/>\n                    <\/strong><\/p>\n<p>        Publi\u00e9 le<\/p>\n<p>            23 nov. 2025 \u00e0 11h42        <\/p>\n<p>C\u2019est un insigne honneur pour ceux qui visent les hautes sph\u00e8res. <strong>Dix femmes et hommes<\/strong> li\u00e9s \u00e0 la r\u00e9gion parisienne ont int\u00e9gr\u00e9 le <a href=\"https:\/\/www.whoswho.fr\/\" target=\"_blank\" rel=\"noopener\">Who\u2019s Who in France<\/a>, ce r\u00e9pertoire <a href=\"https:\/\/actu.fr\/tag\/people\" target=\"_blank\" rel=\"noopener\">mondain<\/a> qui compile des informations biographiques et des coordonn\u00e9es professionnelles, et dont l\u2019\u00e9dition 2026 a \u00e9t\u00e9 r\u00e9v\u00e9l\u00e9e mardi 18\u00a0novembre 2025. Figures de la sc\u00e8ne artistique, des mus\u00e9es, de la politique\u2026 D\u00e9couvrez les <a href=\"https:\/\/actu.fr\/ile-de-france\/\" target=\"_blank\" rel=\"noopener\">Franciliens<\/a> qui font d\u00e9sormais partie de cet annuaire recensant environ <strong>22\u2009000 \u00ab\u2009personnalit\u00e9s qui comptent\u2009\u00bb<\/strong> dans le pays, et que vous pouvez vous procurer pour la somme rondelette de 734\u00a0euros, pour la version papier.<\/p>\n<p>Lucie Castets, Victor Le Masne\u2026<\/p>\n<p class=\" wall-content\">Selon Le Parisien, on retrouve notamment <strong><a href=\"https:\/\/actu.fr\/politique\/presidentielle-2027-lucie-castets-monte-au-creneau-et-appelle-a-une-candidature-commune-a-gauche_62547126.html\" target=\"_blank\" rel=\"noopener\">Lucie Castets<\/a><\/strong>, 41\u00a0ans. Directrice des finances et des achats de la Ville de Paris entre\u00a02023 et\u00a02024 dans le cadre de sa carri\u00e8re de haute fonctionnaire entam\u00e9e apr\u00e8s sa sortie de l\u2019ENA, elle fut surtout la personnalit\u00e9 d\u00e9sign\u00e9e par le Nouveau Front populaire pour devenir Premi\u00e8re ministre apr\u00e8s l\u2019arriv\u00e9e en t\u00eate du bloc de gauche aux \u00e9lections l\u00e9gislatives anticip\u00e9es de 2024. Autre personnalit\u00e9 politique de la version 2026 du chic bottin\u2009: <strong><a href=\"https:\/\/actu.fr\/politique\/gouvernement-bayrou-qui-est-marie-barsacq-la-nouvelle-ministre-des-sports-qui-devra-porter-l-heritage-des-jo_62042568.html\" target=\"_blank\" rel=\"noopener\">Marie Barsacq<\/a><\/strong>, ministre des Sports et de la Jeunesse dans le gouvernement de Fran\u00e7ois Bayrou et haute responsable du comit\u00e9 d\u2019organisation des Jeux olympiques 2024.<\/p>\n<p class=\" wall-content\">On retrouve \u00e9galement <strong><a href=\"https:\/\/actu.fr\/ile-de-france\/paris_75056\/paris-victor-le-masne-compositeur-de-la-musique-des-jo-2024-va-donner-un-concert-au-grand-rex_62040993.html\" target=\"_blank\" rel=\"noopener\">Victor Le Masne<\/a><\/strong>, compositeur de 28\u00a0ans, et <strong>Mossi Traor\u00e9<\/strong>, styliste de 39\u00a0ans. Ensemble, ils ont travaill\u00e9 sur la c\u00e9r\u00e9monie d\u2019ouverture des JO de Paris et plus r\u00e9cemment sur la soir\u00e9e de comm\u00e9moration des 10\u00a0ans des attentats du 13-Novembre.<\/p>\n<p class=\" wall-content\"><strong><a href=\"https:\/\/actu.fr\/ile-de-france\/paris_75056\/opera-de-paris-roxane-stojanov-nommee-danseuse-etoile_62062557.html\" target=\"_blank\" rel=\"noopener\">Roxane Stojanov<\/a><\/strong>, 29\u00a0ans, fait \u00e9galement partie du Who\u2019s Who 2026. La danseuse franco-mac\u00e9donienne a \u00e9t\u00e9 nomm\u00e9e danseuse \u00e9toile de l\u2019Op\u00e9ra national de Paris apr\u00e8s plusieurs interpr\u00e9tations remarquables dans des r\u00f4les classiques. Toujours c\u00f4t\u00e9 arts, on retrouve <strong>Nina Childress<\/strong>, 64\u00a0ans. Artiste peintre et musicienne franco-am\u00e9ricaine, elle s\u2019est notamment fait conna\u00eetre pour son investissement dans la sc\u00e8ne musicale punk de la capitale ainsi que pour ses grandes toiles color\u00e9es. Elle est par ailleurs \u00e9lue \u00e0 l\u2019Acad\u00e9mie des Beaux-Arts.<\/p>\n<p class=\" wall-content\">Le Who\u2019s Who 2026 fait \u00e9galement la part belle aux responsables des grandes institutions culturelles parisiennes avec l\u2019arriv\u00e9e de <strong>Claire Bernardi<\/strong>, directrice du mus\u00e9e de l\u2019Orangerie depuis 2022, et de <strong>Philippe Lonn\u00e9<\/strong>, directeur g\u00e9n\u00e9ral de la Biblioth\u00e8que nationale de France depuis 2024. On notera enfin l\u2019arriv\u00e9e de l\u2019architecte <strong>Gilles Perraudin<\/strong>, laur\u00e9at du prestigieux Grand Prix national de l\u2019architecture en 2024. Sp\u00e9cialiste de l\u2019usage de la pierre massive dans les constructions, il d\u00e9fend une architecture durable tirant parti de ressources locales.<\/p>\n<p class=\" wall-content\">Personnalisez votre actualit\u00e9 en ajoutant vos villes et m\u00e9dias en favori avec <a href=\"https:\/\/moncompte.actu.fr\" title=\"D\u00e9couvez Mon Actu\" rel=\"nofollow noopener\" data-trk=\"{&quot;cta&quot;:{&quot;action&quot;:&quot;https:\\\/\\\/moncompte.actu.fr&quot;,&quot;category&quot;:&quot;mon compte&quot;,&quot;from&quot;:&quot;article footer&quot;,&quot;name&quot;:&quot;Mon actu&quot;,&quot;type&quot;:&quot;cta&quot;}}\" target=\"_blank\">Mon Actu<\/a>.<\/p>\n","protected":false},"excerpt":{"rendered":"Par Glenn Gillet Publi\u00e9 le 23 nov. 2025 \u00e0 11h42 C\u2019est un insigne honneur pour ceux qui visent&hellip;\n","protected":false},"author":2,"featured_media":553281,"comment_status":"","ping_status":"","sticky":false,"template":"","format":"standard","meta":{"footnotes":""},"categories":[1888],"tags":[11,1777,674,1011,27,1652,12,626,2551,973,25],"class_list":{"0":"post-553280","1":"post","2":"type-post","3":"status-publish","4":"format-standard","5":"has-post-thumbnail","7":"category-paris","8":"tag-actualites","9":"tag-eu","10":"tag-europe","11":"tag-fr","12":"tag-france","13":"tag-loisirs-culture","14":"tag-news","15":"tag-paris","16":"tag-patrimoine","17":"tag-people","18":"tag-republique-francaise"},"share_on_mastodon":{"url":"https:\/\/pubeurope.com\/@fr\/115598851170576546","error":""},"_links":{"self":[{"href":"https:\/\/www.europesays.com\/fr\/wp-json\/wp\/v2\/posts\/553280","targetHints":{"allow":["GET"]}}],"collection":[{"href":"https:\/\/www.europesays.com\/fr\/wp-json\/wp\/v2\/posts"}],"about":[{"href":"https:\/\/www.europesays.com\/fr\/wp-json\/wp\/v2\/types\/post"}],"author":[{"embeddable":true,"href":"https:\/\/www.europesays.com\/fr\/wp-json\/wp\/v2\/users\/2"}],"replies":[{"embeddable":true,"href":"https:\/\/www.europesays.com\/fr\/wp-json\/wp\/v2\/comments?post=553280"}],"version-history":[{"count":0,"href":"https:\/\/www.europesays.com\/fr\/wp-json\/wp\/v2\/posts\/553280\/revisions"}],"wp:featuredmedia":[{"embeddable":true,"href":"https:\/\/www.europesays.com\/fr\/wp-json\/wp\/v2\/media\/553281"}],"wp:attachment":[{"href":"https:\/\/www.europesays.com\/fr\/wp-json\/wp\/v2\/media?parent=553280"}],"wp:term":[{"taxonomy":"category","embeddable":true,"href":"https:\/\/www.europesays.com\/fr\/wp-json\/wp\/v2\/categories?post=553280"},{"taxonomy":"post_tag","embeddable":true,"href":"https:\/\/www.europesays.com\/fr\/wp-json\/wp\/v2\/tags?post=553280"}],"curies":[{"name":"wp","href":"https:\/\/api.w.org\/{rel}","templated":true}]}}