{"id":553282,"date":"2025-11-23T11:47:23","date_gmt":"2025-11-23T11:47:23","guid":{"rendered":"https:\/\/www.europesays.com\/fr\/553282\/"},"modified":"2025-11-23T11:47:23","modified_gmt":"2025-11-23T11:47:23","slug":"la-russie-revendique-la-prise-de-trois-localites-dans-lest-de-lukraine","status":"publish","type":"post","link":"https:\/\/www.europesays.com\/fr\/553282\/","title":{"rendered":"La Russie revendique la prise de trois localit\u00e9s dans l\u2019est de l\u2019Ukraine"},"content":{"rendered":"<p>Si la diplomatie essaie d\u2019avancer, les combats ne sont pas stopp\u00e9s. L\u2019arm\u00e9e russe a revendiqu\u00e9 dimanche la prise de trois nouvelles localit\u00e9s dans l\u2019est de l<a href=\"https:\/\/www.20minutes.fr\/monde\/ukraine\/\" class=\"c-link c-link--is-underlined\" target=\"_blank\" rel=\"noopener\">\u2019Ukraine<\/a>, o\u00f9 elle a l\u2019avantage face aux troupes ukrainiennes, au moment o\u00f9 Ukrainiens, Europ\u00e9ens et Am\u00e9ricains se r\u00e9unissent en <a href=\"https:\/\/www.20minutes.fr\/dossier\/suisse\" class=\"c-link c-link--is-underlined\" target=\"_blank\" rel=\"noopener\">Suisse<\/a> pour \u00e9voquer le plan de <a href=\"https:\/\/www.20minutes.fr\/dossier\/donald_trump\" class=\"c-link c-link--is-underlined\" target=\"_blank\" rel=\"noopener\">Donald Trump<\/a>.<\/p>\n<\/p>\n<p>Le minist\u00e8re russe de la D\u00e9fense a rapport\u00e9 la capture de Petrivsk\u00e9 dans la r\u00e9gion de Donetsk (est), o\u00f9 se d\u00e9roule l\u2019essentiel des combats, et de Tikh\u00e9 et Otradn\u00e9 dans la r\u00e9gion de Dinpropetrovsk (centre-est), o\u00f9 ses troupes ont p\u00e9n\u00e9tr\u00e9 au cours de l\u2019\u00e9t\u00e9 et avancent rapidement.<\/p>\n<p>L\u2019arm\u00e9e ukrainienne est en difficult\u00e9 sur le front, se battant actuellement pour ne pas perdre le contr\u00f4le de plusieurs forteresses sur le front est et ayant commenc\u00e9 \u00e0 reculer dans certains secteurs du nord et du sud du pays, o\u00f9 les lignes n\u2019avaient pas boug\u00e9 depuis plusieurs mois.<\/p>\n<p>Un plan qui suscite des inqui\u00e9tudes \u00e0 Kiev<\/p>\n<p>Des repr\u00e9sentants ukrainiens, am\u00e9ricains et europ\u00e9ens se retrouvent dimanche \u00e0 Gen\u00e8ve pour \u00e9voquer le plan en 28 points du pr\u00e9sident Donald Trump destin\u00e9 \u00e0 mettre fin \u00e0 pr\u00e8s de quatre ans de guerre.<\/p>\n<p>Ce plan est vu avec inqui\u00e9tude \u00e0 Kiev car il reprend plusieurs exigences russes, notamment que l\u2019Ukraine c\u00e8de des territoires \u00e0 la Russie, accepte une r\u00e9duction de son arm\u00e9e et renonce \u00e0 int\u00e9grer l\u2019Otan.<\/p>\n<p>Il offre cependant des garanties de s\u00e9curit\u00e9 occidentales \u00e0 l\u2019Ukraine pour \u00e9viter une nouvelle attaque russe, comme Kiev l\u2019exige depuis des ann\u00e9es. Le pr\u00e9sident russe Vladimir Poutine a exhort\u00e9 Kiev \u00e0 n\u00e9gocier sur la base de ce document. Il a menac\u00e9 de poursuivre les conqu\u00eates en Ukraine en cas de refus.<\/p>\n","protected":false},"excerpt":{"rendered":"Si la diplomatie essaie d\u2019avancer, les combats ne sont pas stopp\u00e9s. L\u2019arm\u00e9e russe a revendiqu\u00e9 dimanche la prise&hellip;\n","protected":false},"author":2,"featured_media":553283,"comment_status":"","ping_status":"","sticky":false,"template":"","format":"standard","meta":{"footnotes":""},"categories":[1591],"tags":[47,11,75,29539,1887,131,74,12,8013,1885,1886,132,135],"class_list":{"0":"post-553282","1":"post","2":"type-post","3":"status-publish","4":"format-standard","5":"has-post-thumbnail","7":"category-russie","8":"tag-actualite","9":"tag-actualites","10":"tag-donald-trump","11":"tag-donetsk","12":"tag-federation-de-russie","13":"tag-guerre-en-ukraine","14":"tag-monde","15":"tag-news","16":"tag-russe","17":"tag-russia","18":"tag-russian-federation","19":"tag-russie","20":"tag-vladimir-poutine"},"share_on_mastodon":{"url":"https:\/\/pubeurope.com\/@fr\/115598855000354467","error":""},"_links":{"self":[{"href":"https:\/\/www.europesays.com\/fr\/wp-json\/wp\/v2\/posts\/553282","targetHints":{"allow":["GET"]}}],"collection":[{"href":"https:\/\/www.europesays.com\/fr\/wp-json\/wp\/v2\/posts"}],"about":[{"href":"https:\/\/www.europesays.com\/fr\/wp-json\/wp\/v2\/types\/post"}],"author":[{"embeddable":true,"href":"https:\/\/www.europesays.com\/fr\/wp-json\/wp\/v2\/users\/2"}],"replies":[{"embeddable":true,"href":"https:\/\/www.europesays.com\/fr\/wp-json\/wp\/v2\/comments?post=553282"}],"version-history":[{"count":0,"href":"https:\/\/www.europesays.com\/fr\/wp-json\/wp\/v2\/posts\/553282\/revisions"}],"wp:featuredmedia":[{"embeddable":true,"href":"https:\/\/www.europesays.com\/fr\/wp-json\/wp\/v2\/media\/553283"}],"wp:attachment":[{"href":"https:\/\/www.europesays.com\/fr\/wp-json\/wp\/v2\/media?parent=553282"}],"wp:term":[{"taxonomy":"category","embeddable":true,"href":"https:\/\/www.europesays.com\/fr\/wp-json\/wp\/v2\/categories?post=553282"},{"taxonomy":"post_tag","embeddable":true,"href":"https:\/\/www.europesays.com\/fr\/wp-json\/wp\/v2\/tags?post=553282"}],"curies":[{"name":"wp","href":"https:\/\/api.w.org\/{rel}","templated":true}]}}