{"id":553284,"date":"2025-11-23T11:48:20","date_gmt":"2025-11-23T11:48:20","guid":{"rendered":"https:\/\/www.europesays.com\/fr\/553284\/"},"modified":"2025-11-23T11:48:20","modified_gmt":"2025-11-23T11:48:20","slug":"en-direct-plan-de-paix-sur-lukraine-a-geneve-negociations-durgence-ce-dimanche-entre-ukrainiens-et-americains-en-presence-des-europeens-liberation","status":"publish","type":"post","link":"https:\/\/www.europesays.com\/fr\/553284\/","title":{"rendered":"EN DIRECT &#8211; \u00abPlan de paix\u00bb sur l\u2019Ukraine\u00a0: \u00e0 Gen\u00e8ve, n\u00e9gociations d\u2019urgence ce dimanche entre Ukrainiens et Am\u00e9ricains, en pr\u00e9sence des Europ\u00e9ens \u2013 Lib\u00e9ration"},"content":{"rendered":"<p class=\"sc-cPiKLX AiZTS text-element\">La d\u00e9l\u00e9gation ukrainienne pr\u00e9sente en Suisse pour discuter du plan de Donald Trump a tenu une r\u00e9union avec des repr\u00e9sentants de la France, l\u2019Allemagne et le Royaume-Uni, a annonc\u00e9 dimanche le n\u00e9gociateur de Kiev. \u00abJ\u2019ai tenu la premi\u00e8re r\u00e9union avec les conseillers \u00e0 la s\u00e9curit\u00e9 nationale des dirigeants du Royaume-Uni, de la France et de l\u2019Allemagne (&#8230;) La prochaine r\u00e9union aura lieu avec la d\u00e9l\u00e9gation am\u00e9ricaine\u00bb, a indiqu\u00e9 sur Telegram Andri\u00ef Iermak, le chef de la pr\u00e9sidence ukrainienne qui m\u00e8ne la d\u00e9l\u00e9gation.<\/p>\n","protected":false},"excerpt":{"rendered":"La d\u00e9l\u00e9gation ukrainienne pr\u00e9sente en Suisse pour discuter du plan de Donald Trump a tenu une r\u00e9union avec&hellip;\n","protected":false},"author":2,"featured_media":553285,"comment_status":"","ping_status":"","sticky":false,"template":"","format":"standard","meta":{"footnotes":""},"categories":[1590],"tags":[11,75,73,1777,674,12,473,132,220,297,364,135,134],"class_list":{"0":"post-553284","1":"post","2":"type-post","3":"status-publish","4":"format-standard","5":"has-post-thumbnail","7":"category-ukraine","8":"tag-actualites","9":"tag-donald-trump","10":"tag-etats-unis","11":"tag-eu","12":"tag-europe","13":"tag-news","14":"tag-royaume-uni","15":"tag-russie","16":"tag-ukraine","17":"tag-ukraine-la-crise","18":"tag-union-europeenne","19":"tag-vladimir-poutine","20":"tag-volodymyr-zelensky"},"share_on_mastodon":{"url":"https:\/\/pubeurope.com\/@fr\/115598858945292344","error":""},"_links":{"self":[{"href":"https:\/\/www.europesays.com\/fr\/wp-json\/wp\/v2\/posts\/553284","targetHints":{"allow":["GET"]}}],"collection":[{"href":"https:\/\/www.europesays.com\/fr\/wp-json\/wp\/v2\/posts"}],"about":[{"href":"https:\/\/www.europesays.com\/fr\/wp-json\/wp\/v2\/types\/post"}],"author":[{"embeddable":true,"href":"https:\/\/www.europesays.com\/fr\/wp-json\/wp\/v2\/users\/2"}],"replies":[{"embeddable":true,"href":"https:\/\/www.europesays.com\/fr\/wp-json\/wp\/v2\/comments?post=553284"}],"version-history":[{"count":0,"href":"https:\/\/www.europesays.com\/fr\/wp-json\/wp\/v2\/posts\/553284\/revisions"}],"wp:featuredmedia":[{"embeddable":true,"href":"https:\/\/www.europesays.com\/fr\/wp-json\/wp\/v2\/media\/553285"}],"wp:attachment":[{"href":"https:\/\/www.europesays.com\/fr\/wp-json\/wp\/v2\/media?parent=553284"}],"wp:term":[{"taxonomy":"category","embeddable":true,"href":"https:\/\/www.europesays.com\/fr\/wp-json\/wp\/v2\/categories?post=553284"},{"taxonomy":"post_tag","embeddable":true,"href":"https:\/\/www.europesays.com\/fr\/wp-json\/wp\/v2\/tags?post=553284"}],"curies":[{"name":"wp","href":"https:\/\/api.w.org\/{rel}","templated":true}]}}