{"id":553286,"date":"2025-11-23T11:49:13","date_gmt":"2025-11-23T11:49:13","guid":{"rendered":"https:\/\/www.europesays.com\/fr\/553286\/"},"modified":"2025-11-23T11:49:13","modified_gmt":"2025-11-23T11:49:13","slug":"gaza-les-usa-envisagent-la-creation-dune-zone-verte-pour-lancer-la-reconstruction","status":"publish","type":"post","link":"https:\/\/www.europesays.com\/fr\/553286\/","title":{"rendered":"Gaza : Les USA envisagent la cr\u00e9ation d&rsquo;une \u00ab\u00a0zone verte\u00a0\u00bb pour lancer la reconstruction"},"content":{"rendered":"<p>Les \u00c9tats-Unis acc\u00e9l\u00e8rent un projet visant \u00e0 \u00e9tablir, dans la bande de Gaza, de nouveaux quartiers s\u00e9curis\u00e9s au sein d\u2019une \u00ab\u00a0zone verte\u00a0\u00bb situ\u00e9s du c\u00f4t\u00e9 contr\u00f4l\u00e9 par Isra\u00ebl, afin d\u2019offrir une solution provisoire aux civils palestiniens d\u00e9plac\u00e9s. Cette initiative, r\u00e9v\u00e9l\u00e9e par le Wall Street Journal, traduit l\u2019impasse actuelle : le d\u00e9sarmement de Hamas, pr\u00e9vu par le plan de paix am\u00e9ricain en 20 points, reste hors de port\u00e9e \u00e0 court terme.<\/p>\n<p>Depuis le Centre de coordination civil-militaire dans le sud d\u2019Isra\u00ebl, des \u00e9quipes d\u2019ing\u00e9nieurs am\u00e9ricaines con\u00e7oivent ces zones d\u2019habitation, destin\u00e9es \u00e0 offrir logements, \u00e9coles et services essentiels. Elles doivent servir de relais jusqu\u2019\u00e0 ce que les conditions permettent une reconstruction durable dans l\u2019ensemble de Gaza. La premi\u00e8re implantation est envisag\u00e9e \u00e0 Rafah, ville largement d\u00e9truite et plac\u00e9e sous contr\u00f4le total d\u2019Isra\u00ebl depuis mai.<\/p>\n<p>&#8211; Publicit\u00e9-<\/p>\n","protected":false},"excerpt":{"rendered":"Les \u00c9tats-Unis acc\u00e9l\u00e8rent un projet visant \u00e0 \u00e9tablir, dans la bande de Gaza, de nouveaux quartiers s\u00e9curis\u00e9s au&hellip;\n","protected":false},"author":2,"featured_media":506202,"comment_status":"","ping_status":"","sticky":false,"template":"","format":"standard","meta":{"footnotes":""},"categories":[1589],"tags":[11,73,1866,12,1864,1865,1863,308],"class_list":{"0":"post-553286","1":"post","2":"type-post","3":"status-publish","4":"format-standard","5":"has-post-thumbnail","7":"category-etats-unis","8":"tag-actualites","9":"tag-etats-unis","10":"tag-etats-unis-damerique","11":"tag-news","12":"tag-united-states","13":"tag-united-states-of-america","14":"tag-us","15":"tag-usa"},"share_on_mastodon":{"url":"https:\/\/pubeurope.com\/@fr\/115598863025326995","error":""},"_links":{"self":[{"href":"https:\/\/www.europesays.com\/fr\/wp-json\/wp\/v2\/posts\/553286","targetHints":{"allow":["GET"]}}],"collection":[{"href":"https:\/\/www.europesays.com\/fr\/wp-json\/wp\/v2\/posts"}],"about":[{"href":"https:\/\/www.europesays.com\/fr\/wp-json\/wp\/v2\/types\/post"}],"author":[{"embeddable":true,"href":"https:\/\/www.europesays.com\/fr\/wp-json\/wp\/v2\/users\/2"}],"replies":[{"embeddable":true,"href":"https:\/\/www.europesays.com\/fr\/wp-json\/wp\/v2\/comments?post=553286"}],"version-history":[{"count":0,"href":"https:\/\/www.europesays.com\/fr\/wp-json\/wp\/v2\/posts\/553286\/revisions"}],"wp:featuredmedia":[{"embeddable":true,"href":"https:\/\/www.europesays.com\/fr\/wp-json\/wp\/v2\/media\/506202"}],"wp:attachment":[{"href":"https:\/\/www.europesays.com\/fr\/wp-json\/wp\/v2\/media?parent=553286"}],"wp:term":[{"taxonomy":"category","embeddable":true,"href":"https:\/\/www.europesays.com\/fr\/wp-json\/wp\/v2\/categories?post=553286"},{"taxonomy":"post_tag","embeddable":true,"href":"https:\/\/www.europesays.com\/fr\/wp-json\/wp\/v2\/tags?post=553286"}],"curies":[{"name":"wp","href":"https:\/\/api.w.org\/{rel}","templated":true}]}}