{"id":553288,"date":"2025-11-23T11:51:20","date_gmt":"2025-11-23T11:51:20","guid":{"rendered":"https:\/\/www.europesays.com\/fr\/553288\/"},"modified":"2025-11-23T11:51:20","modified_gmt":"2025-11-23T11:51:20","slug":"les-suisses-sinclinent-devant-lallemagne","status":"publish","type":"post","link":"https:\/\/www.europesays.com\/fr\/553288\/","title":{"rendered":"Les Suisses s&rsquo;inclinent devant l&rsquo;Allemagne"},"content":{"rendered":"<p class=\"wysiwyg-h2\">L&rsquo;\u00e9quipe de Suisse masculine a subi une premi\u00e8re d\u00e9faite d\u00e8s son deuxi\u00e8me match aux Europ\u00e9ens de Lohja. Le &lsquo;CC3C&rsquo; du skip Yannick Schwaller s&rsquo;est inclin\u00e9 8-6 devant l&rsquo;Allemagne dimanche matin.<\/p>\n<p>La formation genevoise a pourtant parfaitement su se reprendre apr\u00e8s avoir manqu\u00e9 son d\u00e9but de match. Men\u00e9s 5-1 apr\u00e8s le quatri\u00e8me end, Schwaller, Pablo Lachat-Couchepin, Sven Michel et Beno\u00eet Schwarz-van Berkel ont \u00e9galis\u00e9 \u00e0 5-5 \u00e0 la mi-match gr\u00e2ce \u00e0 un coup de quatre. Mais ils ont flanch\u00e9 dans le &lsquo;money time&rsquo;.<\/p>\n<p>Les Helv\u00e8tes, qui ont encaiss\u00e9 un point au cours de trois manches successives pour se retrouver men\u00e9s 8-5 avant l&rsquo;ultime end, auront l&rsquo;occasion de se reprendre en soir\u00e9e avec un 3e tour programm\u00e9 \u00e0 19h. Ils se frotteront \u00e0 la Pologne.<\/p>\n<p> \/ATS<\/p>\n","protected":false},"excerpt":{"rendered":"L&rsquo;\u00e9quipe de Suisse masculine a subi une premi\u00e8re d\u00e9faite d\u00e8s son deuxi\u00e8me match aux Europ\u00e9ens de Lohja. Le&hellip;\n","protected":false},"author":2,"featured_media":553289,"comment_status":"","ping_status":"","sticky":false,"template":"","format":"standard","meta":{"footnotes":""},"categories":[1587],"tags":[11,1829,672,1832,1836,1804,1805,1827,1803,1777,674,1830,1831,1801,1826,1844,1840,1839,1841,1838,12,1843,1828,1834,1825,1833,1802,1822,1823,1824,1837,1835,1842],"class_list":{"0":"post-553288","1":"post","2":"type-post","3":"status-publish","4":"format-standard","5":"has-post-thumbnail","7":"category-allemagne","8":"tag-actualites","9":"tag-ajoie","10":"tag-allemagne","11":"tag-animation","12":"tag-bienne","13":"tag-bundesrepublik-deutschland","14":"tag-de","15":"tag-delemont","16":"tag-deutschland","17":"tag-eu","18":"tag-europe","19":"tag-franches-montagnes","20":"tag-frequence","21":"tag-germany","22":"tag-jura","23":"tag-jura-bernois","24":"tag-la-chaux-de-fonds","25":"tag-moutier","26":"tag-neuchatel","27":"tag-neuveville","28":"tag-news","29":"tag-payerne","30":"tag-porrentruy","31":"tag-publicite","32":"tag-radio","33":"tag-redaction","34":"tag-republique-federale-dallemagne","35":"tag-rfj","36":"tag-rjb","37":"tag-rtn","38":"tag-tavannes","39":"tag-vallon-de-st-imier","40":"tag-yverdon"},"share_on_mastodon":{"url":"https:\/\/pubeurope.com\/@fr\/115598870806961084","error":""},"_links":{"self":[{"href":"https:\/\/www.europesays.com\/fr\/wp-json\/wp\/v2\/posts\/553288","targetHints":{"allow":["GET"]}}],"collection":[{"href":"https:\/\/www.europesays.com\/fr\/wp-json\/wp\/v2\/posts"}],"about":[{"href":"https:\/\/www.europesays.com\/fr\/wp-json\/wp\/v2\/types\/post"}],"author":[{"embeddable":true,"href":"https:\/\/www.europesays.com\/fr\/wp-json\/wp\/v2\/users\/2"}],"replies":[{"embeddable":true,"href":"https:\/\/www.europesays.com\/fr\/wp-json\/wp\/v2\/comments?post=553288"}],"version-history":[{"count":0,"href":"https:\/\/www.europesays.com\/fr\/wp-json\/wp\/v2\/posts\/553288\/revisions"}],"wp:featuredmedia":[{"embeddable":true,"href":"https:\/\/www.europesays.com\/fr\/wp-json\/wp\/v2\/media\/553289"}],"wp:attachment":[{"href":"https:\/\/www.europesays.com\/fr\/wp-json\/wp\/v2\/media?parent=553288"}],"wp:term":[{"taxonomy":"category","embeddable":true,"href":"https:\/\/www.europesays.com\/fr\/wp-json\/wp\/v2\/categories?post=553288"},{"taxonomy":"post_tag","embeddable":true,"href":"https:\/\/www.europesays.com\/fr\/wp-json\/wp\/v2\/tags?post=553288"}],"curies":[{"name":"wp","href":"https:\/\/api.w.org\/{rel}","templated":true}]}}