{"id":553290,"date":"2025-11-23T11:52:16","date_gmt":"2025-11-23T11:52:16","guid":{"rendered":"https:\/\/www.europesays.com\/fr\/553290\/"},"modified":"2025-11-23T11:52:16","modified_gmt":"2025-11-23T11:52:16","slug":"ukraine-etats-unis-europe-vers-une-rencontre-decisive-ce-dimanche-a-geneve-sur-lukraine","status":"publish","type":"post","link":"https:\/\/www.europesays.com\/fr\/553290\/","title":{"rendered":"Ukraine, Etats-Unis, Europe\u00a0: Vers une rencontre d\u00e9cisive ce dimanche \u00e0 Gen\u00e8ve sur l\u2019Ukraine"},"content":{"rendered":"<p class=\"PopSlotParagraph qg-tx2 qg-xtra-lh svelte-1r0pyek\"><strong>Branle bas de combat des Europ\u00e9ens \u00e0 Gen\u00e8ve qui vont tenter de faire infl\u00e9chir le plan am\u00e9ricain<\/strong> visant \u00e0 mettre un terme \u00e0 la guerre en Ukraine plan qui reprend plusieurs exigences de la Russie et autant de lignes rouges pour les Europ\u00e9ens, Paris Londres et Berlin ont donc d\u00e9p\u00each\u00e9 leurs conseillers \u00e0 la s\u00e9curit\u00e9 nationale. pour participer aux discussions entre Ukrainiens et Am\u00e9ricains discuter de ce que l&rsquo;administration am\u00e9ricaine pr\u00e9sente d\u00e9sormais comme un cadre pour des\u00a0n\u00e9gociation.<\/p>\n<p> Les autres titres du journal<\/p>\n<p class=\"PopSlotParagraph qg-tx2 qg-xtra-lh svelte-1r0pyek\"><strong>Alors face \u00e0 cette guerre en Ukraine suite \u00e0 l&rsquo;invasion russe il y a quatre ans. Emmanuel Macron s&rsquo;appr\u00eate \u00e0 annoncer une nouvelle formule du service militaire volontaire<\/strong>. C&rsquo;est la Tribune Dimanche qui le r\u00e9v\u00e8le. Apres l&rsquo;\u00e9chec du service national universel. Le chef de l&rsquo;Etat devrait d\u00e9voiler jeudi un \u00ab\u00a0nouveau cadre pour servir au sein de nos arm\u00e9es\u00a0\u00bb comme il le promettait en juillet dernier.<\/p>\n<p class=\"Audio-title qg-st5 svelte-n0q4ie\">Eric Biegala, il ne s&rsquo;agit pas de ressusciter la conscription \u00e0 l&rsquo;ancienne ?<\/p>\n<p class=\"Audio-duration qg-tx3 svelte-n0q4ie\">1 min<\/p>\n<p class=\"PopSlotParagraph qg-tx2 qg-xtra-lh svelte-1r0pyek\"><strong>Une semaine de cinq jours \u00e0 l&rsquo;\u00e9cole avec de profonds r\u00e9am\u00e9nagements des apprentissages<\/strong>. Pr\u00e9conisations de la convention citoyenne sur les temps de l&rsquo;enfant, qui remet donc son rapport au aujourd&rsquo;hui 133 citoyens tir\u00e9s au sort se sont r\u00e9unis durant six mois, auditionnant des experts mais aussi des enfants pour \u00e9laborer 20 propositions, soumises au vote ce matin.<\/p>\n<p class=\"PopSlotParagraph qg-tx2 qg-xtra-lh svelte-1r0pyek\"><strong>Invit\u00e9 de la r\u00e9daction\u00a0:\u00a0St\u00e9phane Bonn\u00e9ry<\/strong>,\u00a0\u00a0professeur en sciences de l\u2019\u00e9ducation \u00e0 l\u2019Universit\u00e9 Paris 8, auteur de Temps de l\u2019enfant, Rythmes scolaires, Vraies questions et faux d\u00e9bats publi\u00e9 en ao\u00fbt 2025, \u00e9ditions de la Fondation Gabriel P\u00e9ri.<\/p>\n<p class=\"PopSlotParagraph qg-tx2 qg-xtra-lh svelte-1r0pyek\"><strong>Il \u00e9tait l&rsquo;un des tous derniers r\u00e9sistants, Robert Birenbaum est mort hier \u00e0 l&rsquo;\u00e2ge de 99 ans<\/strong>. Membre des Jeunesses communistes, il entre en R\u00e9sistance en 1942 \u00e0 l&rsquo;\u00e2ge de 16 ans et rejoint le groupe des Francs Tireurs et Partisans de la main d&rsquo;\u0153uvre immigr\u00e9e compagnon de route de Missak Manouchian, \u00ab\u00a0Homme de d\u00e9vouement, il fut toute sa vie fid\u00e8le \u00e0 cet engagement initial. Il est et demeurera un exemple pour tous\u00a0\u00bb, salue Emmanuel Macron.<\/p>\n<p class=\"Audio-title qg-st5 svelte-n0q4ie\">Robert Birenbaum au micro de notre confr\u00e8re de France Inter Charlotte Perry qui lui a consacr\u00e9 un podcast l&rsquo;an dernier<\/p>\n<p class=\"Audio-duration qg-tx3 svelte-n0q4ie\">45 sec<\/p>\n<p class=\"PopSlotParagraph qg-tx2 qg-xtra-lh svelte-1r0pyek\"><strong>Cr\u00e9\u00e9 en 1982 pour soutenir la sc\u00e8ne fran\u00e7aise. Le Centre national des arts plastiques est sur la sellette<\/strong>. Dans un rapport publi\u00e9 cette semaine, la Cour des comptes recommande en effet sa suppression d&rsquo;ici 2030 lui reprochant de ne pas suffisamment remplir ses missions..<br \/>notamment celle diffuser les \u0153uvres acquises, des charges de fonctionnement excessives ou encore des manquements aux r\u00e8gles d\u00e9ontologiques\u00a0\u00bb concernant les acquisitions. Un rapport s\u00e9v\u00e8re qui suscite l&rsquo;incompr\u00e9hension\u00a0des 85 agents.<\/p>\n<p class=\"Audio-title qg-st5 svelte-n0q4ie\">Par la voix de leurs repr\u00e9sentants syndicaux, ils d\u00e9noncent un rapport biais\u00e9 et politique, Chlo\u00e9 Martin<\/p>\n<p class=\"Audio-duration qg-tx3 svelte-n0q4ie\">1 min<\/p>\n","protected":false},"excerpt":{"rendered":"Branle bas de combat des Europ\u00e9ens \u00e0 Gen\u00e8ve qui vont tenter de faire infl\u00e9chir le plan am\u00e9ricain visant&hellip;\n","protected":false},"author":2,"featured_media":553291,"comment_status":"","ping_status":"","sticky":false,"template":"","format":"standard","meta":{"footnotes":""},"categories":[1586],"tags":[11,1777,674,1011,27,12,25],"class_list":{"0":"post-553290","1":"post","2":"type-post","3":"status-publish","4":"format-standard","5":"has-post-thumbnail","7":"category-europe","8":"tag-actualites","9":"tag-eu","10":"tag-europe","11":"tag-fr","12":"tag-france","13":"tag-news","14":"tag-republique-francaise"},"share_on_mastodon":{"url":"https:\/\/pubeurope.com\/@fr\/115598874689398915","error":""},"_links":{"self":[{"href":"https:\/\/www.europesays.com\/fr\/wp-json\/wp\/v2\/posts\/553290","targetHints":{"allow":["GET"]}}],"collection":[{"href":"https:\/\/www.europesays.com\/fr\/wp-json\/wp\/v2\/posts"}],"about":[{"href":"https:\/\/www.europesays.com\/fr\/wp-json\/wp\/v2\/types\/post"}],"author":[{"embeddable":true,"href":"https:\/\/www.europesays.com\/fr\/wp-json\/wp\/v2\/users\/2"}],"replies":[{"embeddable":true,"href":"https:\/\/www.europesays.com\/fr\/wp-json\/wp\/v2\/comments?post=553290"}],"version-history":[{"count":0,"href":"https:\/\/www.europesays.com\/fr\/wp-json\/wp\/v2\/posts\/553290\/revisions"}],"wp:featuredmedia":[{"embeddable":true,"href":"https:\/\/www.europesays.com\/fr\/wp-json\/wp\/v2\/media\/553291"}],"wp:attachment":[{"href":"https:\/\/www.europesays.com\/fr\/wp-json\/wp\/v2\/media?parent=553290"}],"wp:term":[{"taxonomy":"category","embeddable":true,"href":"https:\/\/www.europesays.com\/fr\/wp-json\/wp\/v2\/categories?post=553290"},{"taxonomy":"post_tag","embeddable":true,"href":"https:\/\/www.europesays.com\/fr\/wp-json\/wp\/v2\/tags?post=553290"}],"curies":[{"name":"wp","href":"https:\/\/api.w.org\/{rel}","templated":true}]}}