{"id":553292,"date":"2025-11-23T11:53:16","date_gmt":"2025-11-23T11:53:16","guid":{"rendered":"https:\/\/www.europesays.com\/fr\/553292\/"},"modified":"2025-11-23T11:53:16","modified_gmt":"2025-11-23T11:53:16","slug":"sommet-de-luanda-comment-relancer-la-relation-europe-afrique","status":"publish","type":"post","link":"https:\/\/www.europesays.com\/fr\/553292\/","title":{"rendered":"Sommet de Luanda : comment relancer la relation Europe-Afrique"},"content":{"rendered":"<p>                Les faits &#8211;<\/p>\n<p>Emmanuel Macron ach\u00e8ve lundi sa tourn\u00e9e en Afrique par une \u00e9tape en Angola. Il participe au sommet des dirigeants des Etats membres de l\u2019Union europ\u00e9enne et de l\u2019Union africaine qui se r\u00e9unissent \u00e0 Luanda sur le th\u00e8me de la promotion de la paix et la prosp\u00e9rit\u00e9. Une rencontre copr\u00e9sid\u00e9e par le pr\u00e9sident angolais, Jo\u00e3o Louren\u00e7o, et le pr\u00e9sident du Conseil europ\u00e9en, Ant\u00f3nio Costa, qui marque le 25e anniversaire du partenariat entre les deux organisations.<\/p>\n<p>Il y avait dans le regard de <a class=\"Link \" href=\"https:\/\/www.lopinion.fr\/theme\/charles-michel\" target=\"_blank\" data-cms-ai=\"0\" rel=\"nofollow noopener\">Charles Michel<\/a>, lorsqu\u2019il \u00e9voquait l\u2019Afrique, cette flamme particuli\u00e8re que l\u2019on retrouve chez les hommes qui portent en eux l\u2019h\u00e9ritage d\u2019une passion. Fils de Louis Michel, ex-ministre des Affaires \u00e9trang\u00e8res belge puis commissaire europ\u00e9en au d\u00e9veloppement, il \u00e9tait l\u2019un des meilleurs d\u00e9fenseurs du continent en Europe.<\/p>\n","protected":false},"excerpt":{"rendered":"Les faits &#8211; Emmanuel Macron ach\u00e8ve lundi sa tourn\u00e9e en Afrique par une \u00e9tape en Angola. Il participe&hellip;\n","protected":false},"author":2,"featured_media":553293,"comment_status":"","ping_status":"","sticky":false,"template":"","format":"standard","meta":{"footnotes":""},"categories":[1586],"tags":[11,1777,674,1779,1011,27,12,25,1778,364],"class_list":{"0":"post-553292","1":"post","2":"type-post","3":"status-publish","4":"format-standard","5":"has-post-thumbnail","7":"category-europe","8":"tag-actualites","9":"tag-eu","10":"tag-europe","11":"tag-european-union","12":"tag-fr","13":"tag-france","14":"tag-news","15":"tag-republique-francaise","16":"tag-ue","17":"tag-union-europeenne"},"share_on_mastodon":{"url":"https:\/\/pubeurope.com\/@fr\/115598878587726857","error":""},"_links":{"self":[{"href":"https:\/\/www.europesays.com\/fr\/wp-json\/wp\/v2\/posts\/553292","targetHints":{"allow":["GET"]}}],"collection":[{"href":"https:\/\/www.europesays.com\/fr\/wp-json\/wp\/v2\/posts"}],"about":[{"href":"https:\/\/www.europesays.com\/fr\/wp-json\/wp\/v2\/types\/post"}],"author":[{"embeddable":true,"href":"https:\/\/www.europesays.com\/fr\/wp-json\/wp\/v2\/users\/2"}],"replies":[{"embeddable":true,"href":"https:\/\/www.europesays.com\/fr\/wp-json\/wp\/v2\/comments?post=553292"}],"version-history":[{"count":0,"href":"https:\/\/www.europesays.com\/fr\/wp-json\/wp\/v2\/posts\/553292\/revisions"}],"wp:featuredmedia":[{"embeddable":true,"href":"https:\/\/www.europesays.com\/fr\/wp-json\/wp\/v2\/media\/553293"}],"wp:attachment":[{"href":"https:\/\/www.europesays.com\/fr\/wp-json\/wp\/v2\/media?parent=553292"}],"wp:term":[{"taxonomy":"category","embeddable":true,"href":"https:\/\/www.europesays.com\/fr\/wp-json\/wp\/v2\/categories?post=553292"},{"taxonomy":"post_tag","embeddable":true,"href":"https:\/\/www.europesays.com\/fr\/wp-json\/wp\/v2\/tags?post=553292"}],"curies":[{"name":"wp","href":"https:\/\/api.w.org\/{rel}","templated":true}]}}