{"id":553294,"date":"2025-11-23T11:54:16","date_gmt":"2025-11-23T11:54:16","guid":{"rendered":"https:\/\/www.europesays.com\/fr\/553294\/"},"modified":"2025-11-23T11:54:16","modified_gmt":"2025-11-23T11:54:16","slug":"le-violent-choc-a-la-tete-sur-charles-ollivon-suscite-lincomprehension","status":"publish","type":"post","link":"https:\/\/www.europesays.com\/fr\/553294\/","title":{"rendered":"le violent choc \u00e0 la t\u00eate sur Charles Ollivon suscite l&rsquo;incompr\u00e9hension"},"content":{"rendered":"<p>                    Par<br \/>\n        <strong><br \/>\n            <a href=\"https:\/\/actu.fr\/auteur\/clement-mazella\" title=\"Consulter tous les articles de Cl\u00e9ment Mazella\" target=\"_blank\" rel=\"noopener\">Cl\u00e9ment Mazella<\/a><br \/>\n                    <\/strong><\/p>\n<p>        Publi\u00e9 le<\/p>\n<p>            23 nov. 2025 \u00e0 10h29        <\/p>\n<p><a href=\"https:\/\/actu.fr\/sports\/rugby\/xv-de-france\/france-australie-une-touche-royale-la-classe-de-lbb-une-entame-cata-ce-qui-nous-a-plu-et-deplu_63475397.html\" target=\"_blank\" rel=\"noopener\">France-Australie<\/a> n\u2019a dur\u00e9 que 15 petites minutes pour <a href=\"https:\/\/actu.fr\/tag\/charles-ollivon\" target=\"_blank\" rel=\"noopener\">Charles Ollivon<\/a>. Sonn\u00e9 apr\u00e8s <strong>un choc \u00e0 la t\u00eate<\/strong> avec Harry Wilson, il n\u2019a pas satisfait au protocole commotion, apr\u00e8s une action o\u00f9 l\u2019arbitre Luke Pearce a estim\u00e9 \u00ab\u00a0qu\u2019il n\u2019avait pas de contact clair \u00e0 la t\u00eate\u00a0\u00bb. Vraiment ?<\/p>\n<p>Ollivon \u00ab\u00a0KO pendant 5 minutes\u00a0\u00bb<\/p>\n<p class=\" wall-content\">On joue la 6e minute de jeu, et Charles Ollivon s\u2019\u00e9lance pour d\u00e9fier la d\u00e9fense australienne \u00e0 10m de l\u2019en-but adverse. Face au n\u00b08 Harry Wilson, le choc est violent. \u00ab\u00a0C\u2019est \u00e0 la poitrine\u00a0\u00bb, r\u00e9agit de suite Luke Pearce. Le Toulonnais, lui, met 10 secondes avant de se relever.<\/p>\n<p class=\" wall-content\">La suite ? Une p\u00e9nalit\u00e9 pour l\u2019Australie et une demande d\u2019explications d\u2019Ollivon \u00e0 l\u2019arbitre. Apr\u00e8s quelques secondes, l\u2019Anglais r\u00e9pond : \u00ab\u00a0No clear head contact. Play\u00a0\u00bb (\u00ab\u00a0Pas de contact clair \u00e0 la t\u00eate. Jeu\u00a0\u00bb). Les ralentis, eux, s\u00e8ment le doute.<\/p>\n<p class=\" wall-content\">Une question alors : <strong>pourquoi Luke Pearce n\u2019a pas fait appel \u00e0 son TMO<\/strong>, et pourquoi celui-ci n\u2019est-il pas intervenu ? Histoire, au moins, d\u2019\u00e9claircir la situation. 10 minutes apr\u00e8s, Charles Ollivon, pas au mieux de sa forme, c\u00e9dait sa place \u00e0 Oscar J\u00e9gou pour aller passer le protocole commotion. Qu\u2019il n\u2019a pas pass\u00e9 avec succ\u00e8s.<\/p>\n<p>Un cocard \u00e0 l\u2019\u0153il<\/p>\n<p class=\" wall-content\">L\u2019\u00e9tat de Charles Ollivon, on a pu s\u2019en rendre compte lorsqu\u2019une cam\u00e9ra de TF1 l\u2019a retrouv\u00e9, en seconde p\u00e9riode, en civil. Le Toulonnais avait l\u2019\u0153il gauche s\u00e9rieusement tum\u00e9fi\u00e9, preuve d\u2019un contact \u00e0 la t\u00eate.\u00a0<\/p>\n<p>    <img   decoding=\"async\" loading=\"lazy\" src=\"https:\/\/www.europesays.com\/fr\/wp-content\/uploads\/2025\/11\/ollivon-cocard-xv-de-france-960x640.jpg\" alt=\"Un sacr\u00e9 cocard pour Charles Ollivon \u00e0 l'\u0153il gauche.\" width=\"960\" height=\"640\"\/><br \/>\n    Un sacr\u00e9 cocard pour Charles Ollivon \u00e0 l\u2019\u0153il gauche. (\u00a9TF1)<\/p>\n<p class=\" wall-content\">\u00ab\u00a0C\u2019est toujours \u00e0 l\u2019appr\u00e9ciation de la r\u00e8gle et du contact. Charles Ollivon ne se sentait pas bien d\u00e8s qu\u2019il a re\u00e7u le choc. Il l\u2019a fait part \u00e0 l\u2019arbitre. Quand on voit qu\u2019il sort bless\u00e9 et qu\u2019il est KO, il y a des doutes derri\u00e8re\u00a0\u00bb, a r\u00e9agi apr\u00e8s la rencontre Maxime Lucu aupr\u00e8s de TF1.<\/p>\n<p>Votre r\u00e9gion, votre actu !<\/p>\n<p>Recevez chaque jour les infos qui comptent pour vous.<\/p>\n<p>\t<a href=\"https:\/\/actu.fr\/newsletter\" class=\"ac-btn ac-btn--corner ac-btn--medium ac-btn--blue800\" target=\"_blank\" rel=\"noopener\">S&rsquo;incrire<\/a><\/p>\n<p class=\" wall-content\">Sur la toile, les supporters \u00e9taient vent debout. \u00ab\u00a0Quelle mascarade !\u00a0\u00bb, \u00ab\u00a0\u00c7a me d\u00e9go\u00fbte\u00a0\u00bb, \u00ab\u00a0clownesque\u00a0\u00bb, a-t-on pu lire ici et l\u00e0. D\u2019autres se sont surtout inqui\u00e9t\u00e9s de sa sortie 10 minutes apr\u00e8s les faits. \u00ab\u00a0On attend qu\u2019il vomisse ou qu\u2019il s\u2019\u00e9croule pour le sortir ?\u00a0\u00bb.\u00a0<\/p>\n<p class=\" wall-content\">Un violent choc \u00e0 la t\u00eate qui pose beaucoup de questions\u2026<\/p>\n<p class=\" wall-content\">\n<p class=\" wall-content\">\n<p class=\" wall-content\">Personnalisez votre actualit\u00e9 en ajoutant vos villes et m\u00e9dias en favori avec <a href=\"https:\/\/moncompte.actu.fr\" title=\"D\u00e9couvez Mon Actu\" rel=\"nofollow noopener\" data-trk=\"{&quot;cta&quot;:{&quot;action&quot;:&quot;https:\\\/\\\/moncompte.actu.fr&quot;,&quot;category&quot;:&quot;mon compte&quot;,&quot;from&quot;:&quot;article footer&quot;,&quot;name&quot;:&quot;Mon actu&quot;,&quot;type&quot;:&quot;cta&quot;}}\" target=\"_blank\">Mon Actu<\/a>.<\/p>\n","protected":false},"excerpt":{"rendered":"Par Cl\u00e9ment Mazella Publi\u00e9 le 23 nov. 2025 \u00e0 10h29 France-Australie n\u2019a dur\u00e9 que 15 petites minutes pour&hellip;\n","protected":false},"author":2,"featured_media":553295,"comment_status":"","ping_status":"","sticky":false,"template":"","format":"standard","meta":{"footnotes":""},"categories":[2],"tags":[11,41986,1011,27,12,25,479,60,513],"class_list":{"0":"post-553294","1":"post","2":"type-post","3":"status-publish","4":"format-standard","5":"has-post-thumbnail","7":"category-actualites","8":"tag-actualites","9":"tag-charles-ollivon","10":"tag-fr","11":"tag-france","12":"tag-news","13":"tag-republique-francaise","14":"tag-rugby","15":"tag-sports","16":"tag-xv-de-france"},"share_on_mastodon":{"url":"https:\/\/pubeurope.com\/@fr\/115598883334626201","error":""},"_links":{"self":[{"href":"https:\/\/www.europesays.com\/fr\/wp-json\/wp\/v2\/posts\/553294","targetHints":{"allow":["GET"]}}],"collection":[{"href":"https:\/\/www.europesays.com\/fr\/wp-json\/wp\/v2\/posts"}],"about":[{"href":"https:\/\/www.europesays.com\/fr\/wp-json\/wp\/v2\/types\/post"}],"author":[{"embeddable":true,"href":"https:\/\/www.europesays.com\/fr\/wp-json\/wp\/v2\/users\/2"}],"replies":[{"embeddable":true,"href":"https:\/\/www.europesays.com\/fr\/wp-json\/wp\/v2\/comments?post=553294"}],"version-history":[{"count":0,"href":"https:\/\/www.europesays.com\/fr\/wp-json\/wp\/v2\/posts\/553294\/revisions"}],"wp:featuredmedia":[{"embeddable":true,"href":"https:\/\/www.europesays.com\/fr\/wp-json\/wp\/v2\/media\/553295"}],"wp:attachment":[{"href":"https:\/\/www.europesays.com\/fr\/wp-json\/wp\/v2\/media?parent=553294"}],"wp:term":[{"taxonomy":"category","embeddable":true,"href":"https:\/\/www.europesays.com\/fr\/wp-json\/wp\/v2\/categories?post=553294"},{"taxonomy":"post_tag","embeddable":true,"href":"https:\/\/www.europesays.com\/fr\/wp-json\/wp\/v2\/tags?post=553294"}],"curies":[{"name":"wp","href":"https:\/\/api.w.org\/{rel}","templated":true}]}}