{"id":553296,"date":"2025-11-23T11:55:16","date_gmt":"2025-11-23T11:55:16","guid":{"rendered":"https:\/\/www.europesays.com\/fr\/553296\/"},"modified":"2025-11-23T11:55:16","modified_gmt":"2025-11-23T11:55:16","slug":"controverse-sur-la-permission-de-sortie-de-prison-dun-dangereux-narcotrafiquant","status":"publish","type":"post","link":"https:\/\/www.europesays.com\/fr\/553296\/","title":{"rendered":"Controverse sur la permission de sortie de prison d\u2019un dangereux narcotrafiquant"},"content":{"rendered":"<p>C\u2019est une d\u00e9cision judiciaire qui passe tr\u00e8s mal au niveau des syndicats d\u2019agents p\u00e9nitentiaires. Dans le Pas-de-Calais, un d\u00e9tenu du nouveau <a href=\"https:\/\/www.20minutes.fr\/justice\/4182057-20251028-narcotrafic-conseil-etat-juge-legaux-quartiers-haute-securite-prison\" target=\"_blank\" class=\"c-link c-link--is-underlined\" rel=\"noopener\">quartier de lutte contre la criminalit\u00e9 organis\u00e9e (QLCO)<\/a> de la prison de Vendin-le-Vieil a obtenu une permission de sortie, suscitant l\u2019incompr\u00e9hension.<\/p>\n<p>\u00ab\u00a0Le chef d\u2019\u00e9tablissement et le parquet ont rendu un avis d\u00e9favorable, mais le juge d\u2019application des peines a donn\u00e9 un avis favorable\u00a0\u00bb \u00e0 cette permission de sortie \u00ab\u00a0travail\u00a0\u00bb pr\u00e9vue lundi, indique une source judiciaire. \u00ab\u00a0Le parquet a fait appel\u00a0\u00bb mais la chambre d\u2019application des peines a confirm\u00e9 la d\u00e9cision en premi\u00e8re instance, ajoute cette m\u00eame source.<\/p>\n<p>Un d\u00e9tenu qui s\u2019\u00e9tait d\u00e9j\u00e0 \u00e9vad\u00e9 en\u00a02014<\/p>\n<p>Le d\u00e9tenu a un rendez-vous avec un potentiel employeur, bien que sa sortie de prison ne soit pr\u00e9vue qu\u2019en\u00a02029. Selon une source syndicale, il s\u2019agit de Ouaihid Ben Faiza, 52 ans, membre important d\u2019<a href=\"https:\/\/www.20minutes.fr\/societe\/4186942-20251120-demande-quand-ca-va-arriver-magistrats-policiers-journalistes-inquietude-monte-face-narcotrafiquants\" target=\"_blank\" class=\"c-link c-link--is-underlined\" rel=\"noopener\">un vaste r\u00e9seau de trafic de drogue<\/a> de Seine-Saint-Denis, qui s\u2019\u00e9tait par ailleurs \u00e9vad\u00e9 de la prison de Villepinte en\u00a02014. Sa cavale avait dur\u00e9 deux semaines.<\/p>\n<\/p>\n<p><a href=\"https:\/\/www.20minutes.fr\/societe\/4187167-20251121-zero-portable-prison-darmanin-veut-lutter-contre-telephones-shit-detention\" target=\"_blank\" class=\"c-link c-link--is-underlined\" rel=\"noopener\">Voulus par le ministre de la Justice G\u00e9rald Darmanin<\/a> pour accueillir les principaux narcotrafiquants, les QLCO visent notamment \u00e0 les emp\u00eacher de communiquer avec l\u2019ext\u00e9rieur, pour \u00e9viter qu\u2019ils continuent de g\u00e9rer leurs trafics depuis leurs cellules.<\/p>\n<p>L\u2019\u00e9vasion de Mohamed Amra dans toutes les t\u00eates<\/p>\n<p>Les extractions de ces quartiers sp\u00e9ciaux sont donc cens\u00e9es \u00eatre tr\u00e8s limit\u00e9es, pour \u00e9viter au maximum les transports et donc les risques d\u2019\u00e9vasion, comme celle du narcotrafiquant Mohamed Amra qui a co\u00fbt\u00e9 la vie \u00e0 deux agents p\u00e9nitentiaires en\u00a02024 dans l\u2019Eure.<\/p>\n<p><a href=\"https:\/\/www.20minutes.fr\/dossier\/trafic_de_drogue\" target=\"_blank\" class=\"c-link c-btn c-btn--primary\" rel=\"noopener\">Notre dossier sur le Trafic de drogue<\/a><\/p>\n<p>Ces d\u00e9tenus \u00ab\u00a0sont cens\u00e9s \u00eatre dangereux pour la soci\u00e9t\u00e9, on les met sous bulle, on met tout ce qu\u2019il faut en termes de s\u00e9curit\u00e9 pour les couper de l\u2019ext\u00e9rieur, et l\u00e0 il va sortir tout seul \u00e0 l\u2019ext\u00e9rieur et rentrer tranquillement le soir \u00e0 21 heures, on a du mal \u00e0 comprendre\u00a0\u00bb, a r\u00e9agi un syndicaliste d\u2019UFAP UNSa Justice \u00e0 Vendin-le-Vieil. Ce syndicat a aussi d\u00e9plor\u00e9 dans un communiqu\u00e9 samedi \u00ab\u00a0une d\u00e9cision totalement d\u00e9connect\u00e9e des exigences, des r\u00e9alit\u00e9s et des contraintes impos\u00e9es chaque jour aux personnels p\u00e9nitentiaires\u00a0\u00bb.<\/p>\n<p>\u00ab\u00a0On ne peut pas imposer un r\u00e9gime ultra-renforc\u00e9, dire publiquement qu\u2019on y incarc\u00e8re les plus grands narcotrafiquants du pays et voir s\u2019appliquer des d\u00e9cisions qui contredisent cet ensemble frontalement\u00a0\u00bb, selon Alexandre Caby, le secr\u00e9taire g\u00e9n\u00e9ral d\u2019UFAP UNSa Justice, cit\u00e9 dans le communiqu\u00e9. Si ce d\u00e9tenu \u00ab\u00a0\u00e9tait pass\u00e9 au quartier de lutte contre la criminalit\u00e9 organis\u00e9e, c\u2019est qu\u2019il repr\u00e9sentait un risque\u00a0\u00bb, a abond\u00e9 David Lacroix, secr\u00e9taire local FO Justice \u00e0 Vendin-le-Vieil.<\/p>\n","protected":false},"excerpt":{"rendered":"C\u2019est une d\u00e9cision judiciaire qui passe tr\u00e8s mal au niveau des syndicats d\u2019agents p\u00e9nitentiaires. Dans le Pas-de-Calais, un&hellip;\n","protected":false},"author":2,"featured_media":553297,"comment_status":"","ping_status":"","sticky":false,"template":"","format":"standard","meta":{"footnotes":""},"categories":[2],"tags":[47,11,1052,118,1011,27,432,813,12,806,25,887,133],"class_list":{"0":"post-553296","1":"post","2":"type-post","3":"status-publish","4":"format-standard","5":"has-post-thumbnail","7":"category-actualites","8":"tag-actualite","9":"tag-actualites","10":"tag-drogue","11":"tag-faits-divers","12":"tag-fr","13":"tag-france","14":"tag-gerald-darmanin","15":"tag-narcotrafiquants","16":"tag-news","17":"tag-prison","18":"tag-republique-francaise","19":"tag-trafic-de-drogue","20":"tag-video"},"share_on_mastodon":{"url":"https:\/\/pubeurope.com\/@fr\/115598886477557283","error":""},"_links":{"self":[{"href":"https:\/\/www.europesays.com\/fr\/wp-json\/wp\/v2\/posts\/553296","targetHints":{"allow":["GET"]}}],"collection":[{"href":"https:\/\/www.europesays.com\/fr\/wp-json\/wp\/v2\/posts"}],"about":[{"href":"https:\/\/www.europesays.com\/fr\/wp-json\/wp\/v2\/types\/post"}],"author":[{"embeddable":true,"href":"https:\/\/www.europesays.com\/fr\/wp-json\/wp\/v2\/users\/2"}],"replies":[{"embeddable":true,"href":"https:\/\/www.europesays.com\/fr\/wp-json\/wp\/v2\/comments?post=553296"}],"version-history":[{"count":0,"href":"https:\/\/www.europesays.com\/fr\/wp-json\/wp\/v2\/posts\/553296\/revisions"}],"wp:featuredmedia":[{"embeddable":true,"href":"https:\/\/www.europesays.com\/fr\/wp-json\/wp\/v2\/media\/553297"}],"wp:attachment":[{"href":"https:\/\/www.europesays.com\/fr\/wp-json\/wp\/v2\/media?parent=553296"}],"wp:term":[{"taxonomy":"category","embeddable":true,"href":"https:\/\/www.europesays.com\/fr\/wp-json\/wp\/v2\/categories?post=553296"},{"taxonomy":"post_tag","embeddable":true,"href":"https:\/\/www.europesays.com\/fr\/wp-json\/wp\/v2\/tags?post=553296"}],"curies":[{"name":"wp","href":"https:\/\/api.w.org\/{rel}","templated":true}]}}