{"id":553298,"date":"2025-11-23T11:56:24","date_gmt":"2025-11-23T11:56:24","guid":{"rendered":"https:\/\/www.europesays.com\/fr\/553298\/"},"modified":"2025-11-23T11:56:24","modified_gmt":"2025-11-23T11:56:24","slug":"france-australie-je-mattendais-a-etre-emu-pendant-les-hymnes-emmanuel-meafou-raconte-sa-soiree-speciale-face-aux-wallabies","status":"publish","type":"post","link":"https:\/\/www.europesays.com\/fr\/553298\/","title":{"rendered":"France \u2013 Australie. \u00ab\u00a0Je m\u2019attendais \u00e0 \u00eatre \u00e9mu pendant les hymnes\u00a0\u00bb\u00a0: Emmanuel Meafou raconte sa soir\u00e9e sp\u00e9ciale face aux Wallabies"},"content":{"rendered":"<p>\n                Australien d\u2019origine, Emmanuel Meafou a v\u00e9cu une soir\u00e9e charg\u00e9e en \u00e9motions face aux Wallabies. Le deuxi\u00e8me ligne du Stade toulousain est satisfait de sa prestation, lui qui a jou\u00e9 plus d\u2019une heure.\n            <\/p>\n<p><strong>Comment avez-vous v\u00e9cu cette rencontre face \u00e0 votre pays d\u2019origine\u00a0?<\/strong><\/p>\n<p>Il y avait beaucoup d\u2019\u00e9motions avant le match et notamment pendant les hymnes. Je m\u2019attendais \u00e0 \u00eatre \u00e9mu. \u00c0 l\u2019\u00e9cole et au coll\u00e8ge, on chantait tout le temps. C\u2019est un peu bizarre d\u2019entendre cet hymne sur la pelouse du Stade de France. Je suis tout de m\u00eame tr\u00e8s heureux de la victoire.<\/p>\n<p><strong>Vous \u00e9tiez-vous pr\u00e9par\u00e9 mentalement pour ce moment\u00a0?<\/strong><\/p>\n<p>Pour \u00eatre honn\u00eate, pas tellement. J\u2019ai pr\u00e9par\u00e9 cette rencontre comme un match international \u00ab\u00a0classique\u00a0\u00bb. C\u2019\u00e9tait particulier car il y avait de l\u2019\u00e9motion, mais ma pr\u00e9paration physique et mentale est rest\u00e9e la m\u00eame.<\/p>\n<p><strong>Aviez-vous de la famille dans les tribunes\u00a0?<\/strong><\/p>\n<p>Ma s\u0153ur et mon fr\u00e8re sont arriv\u00e9s ce jeudi depuis l\u2019Australie pour voir le match. Ils vont rester un mois avec moi \u00e0 Toulouse. C\u2019\u00e9tait un moment tr\u00e8s sp\u00e9cial de les voir apr\u00e8s la partie.<\/p>\n<p><strong>Ils \u00e9taient pour qui\u00a0?<\/strong><\/p>\n<p>Ils \u00e9taient pour moi (rire)\u00a0!<\/p>\n<p><strong>Pas de regret d\u2019avoir choisi le maillot bleu plut\u00f4t que le maillot australien\u00a0?<\/strong><\/p>\n<p>Non, jamais. M\u00eame si on avait perdu, je n\u2019aurais pas eu de regret. Je n\u2019en aurai jamais.<\/p>\n<p><strong>Avez-vous discut\u00e9 avec des Wallabies apr\u00e8s le match\u00a0?<\/strong><\/p>\n<p>Oui. J\u2019avais quelques potes en face, notamment de ma g\u00e9n\u00e9ration. Plus jeune, en club amateur, j\u2019avais notamment jou\u00e9 avec Taniela Tupou. C\u2019est tr\u00e8s agr\u00e9able de le revoir et pouvoir parler avec lui. Il y avait \u00e9galement Fraser McReight et Matt Faessler. Quelques mecs avec qui j\u2019ai \u00e9volu\u00e9 par le pass\u00e9.<\/p>\n<p><strong>Comment jugez-vous votre performance face \u00e0 ces Australiens\u00a0?<\/strong><\/p>\n<p>Je l\u2019ai trouv\u00e9e plut\u00f4t bonne. Je suis content d\u2019avoir jou\u00e9 un peu plus de minutes qu\u2019habituellement. Il y a bien \u00e9videmment encore une bonne marge de progression mais dans l\u2019ensemble, je suis satisfait.<\/p>\n<p><strong>\u00c9tiez-vous au courant du coaching tardif de Fabien Galthi\u00e9\u00a0?<\/strong><\/p>\n<p>Non, je n\u2019\u00e9tais pas pr\u00e9venu. Le staff m\u2019a simplement \u00ab\u00a0l\u00e2che-toi, joue ton jeu\u00a0\u00bb. C\u2019est ce que j\u2019ai essay\u00e9 de faire. Et puis je savais qu\u2019ils allaient faire les changements n\u00e9cessaires dans la seconde p\u00e9riode pour garder de la fra\u00eecheur.<\/p>\n<p><strong>Comment expliquez-vous vos difficult\u00e9s en d\u00e9fense\u00a0?<\/strong><\/p>\n<p>Les Australiens ont tr\u00e8s bien jou\u00e9 par moments. Sur quelques s\u00e9quences, ils ont r\u00e9ussi \u00e0 nous mettre en difficult\u00e9. Pour me prendre en exemple, j\u2019ai \u00e9t\u00e9 pris le passe de plus que leurs avants ont souvent faite. Selon moi, nous \u00e9tions juste un peu trop \u00ab\u00a0large\u00a0\u00bb\u00a0certaines fois, ce qui leur a offert des espaces. Heureusement, l\u2019\u00e9quipe a su trouver les solutions en attaque pour marquer de nombreux essais.<\/p>\n<p><strong>Et pour l\u2019indiscipline\u00a0?<\/strong><\/p>\n<p>On a souvent \u00e9t\u00e9 pris pour hors-jeu. C\u2019est forc\u00e9ment emb\u00eatant mais cela montre notre envie d\u2019agresser l\u2019adversaire. Il faut que l\u2019on garde \u00e7a tout en se montrant un peu plus patients au niveau des mont\u00e9es. Pour le Tournoi des 6 Nations, je pense qu\u2019on sera tr\u00e8s bien.<\/p>\n<p><strong>Vous avez \u00e9t\u00e9 auteur d\u2019un \u00e9norme plaquage dans le premier acte, avez-vous besoin de ce genre d\u2019actions pour vous mettre en confiance\u00a0?<\/strong><\/p>\n<p>Bien \u00e9videmment. En d\u00e9but de rencontre, je cherche toujours \u00e0 gagner les contacts pour me mettre dedans. C\u2019est une habitude. J\u2019ai r\u00e9ussi dans ce match \u00e0 rapidement me mettre en confiance donc tant mieux.<\/p>\n<p><strong>Que ressent-on quand on entend 80\u00a0000 personnes rugir sur un de nos plaquages\u00a0?<\/strong><\/p>\n<p>\u00c7a fait forc\u00e9ment du bien. Tu te dis que tu viens de faire une bonne action. Lors de chacune de nos actions positives, le public fait le boulot derri\u00e8re pour faire du bruit et nous pousser. Le soutien des supporters est toujours aussi important.<\/p>\n","protected":false},"excerpt":{"rendered":"Australien d\u2019origine, Emmanuel Meafou a v\u00e9cu une soir\u00e9e charg\u00e9e en \u00e9motions face aux Wallabies. Le deuxi\u00e8me ligne du&hellip;\n","protected":false},"author":2,"featured_media":553299,"comment_status":"","ping_status":"","sticky":false,"template":"","format":"standard","meta":{"footnotes":""},"categories":[4],"tags":[11,1011,27,12,25],"class_list":{"0":"post-553298","1":"post","2":"type-post","3":"status-publish","4":"format-standard","5":"has-post-thumbnail","7":"category-france","8":"tag-actualites","9":"tag-fr","10":"tag-france","11":"tag-news","12":"tag-republique-francaise"},"share_on_mastodon":{"url":"https:\/\/pubeurope.com\/@fr\/115598890332448963","error":""},"_links":{"self":[{"href":"https:\/\/www.europesays.com\/fr\/wp-json\/wp\/v2\/posts\/553298","targetHints":{"allow":["GET"]}}],"collection":[{"href":"https:\/\/www.europesays.com\/fr\/wp-json\/wp\/v2\/posts"}],"about":[{"href":"https:\/\/www.europesays.com\/fr\/wp-json\/wp\/v2\/types\/post"}],"author":[{"embeddable":true,"href":"https:\/\/www.europesays.com\/fr\/wp-json\/wp\/v2\/users\/2"}],"replies":[{"embeddable":true,"href":"https:\/\/www.europesays.com\/fr\/wp-json\/wp\/v2\/comments?post=553298"}],"version-history":[{"count":0,"href":"https:\/\/www.europesays.com\/fr\/wp-json\/wp\/v2\/posts\/553298\/revisions"}],"wp:featuredmedia":[{"embeddable":true,"href":"https:\/\/www.europesays.com\/fr\/wp-json\/wp\/v2\/media\/553299"}],"wp:attachment":[{"href":"https:\/\/www.europesays.com\/fr\/wp-json\/wp\/v2\/media?parent=553298"}],"wp:term":[{"taxonomy":"category","embeddable":true,"href":"https:\/\/www.europesays.com\/fr\/wp-json\/wp\/v2\/categories?post=553298"},{"taxonomy":"post_tag","embeddable":true,"href":"https:\/\/www.europesays.com\/fr\/wp-json\/wp\/v2\/tags?post=553298"}],"curies":[{"name":"wp","href":"https:\/\/api.w.org\/{rel}","templated":true}]}}