{"id":553302,"date":"2025-11-23T11:59:16","date_gmt":"2025-11-23T11:59:16","guid":{"rendered":"https:\/\/www.europesays.com\/fr\/553302\/"},"modified":"2025-11-23T11:59:16","modified_gmt":"2025-11-23T11:59:16","slug":"thomas-ramos-cash-sur-le-niveau-du-xv-de-france","status":"publish","type":"post","link":"https:\/\/www.europesays.com\/fr\/553302\/","title":{"rendered":"Thomas Ramos cash sur le niveau du XV de France"},"content":{"rendered":"<p><strong>Au terme de la tourn\u00e9e d&rsquo;automne<br \/>\ndu XV de France, Thomas Ramos a livr\u00e9 son analyse quant au niveau<br \/>\nde jeu des Bleus.<\/strong><\/p>\n<p>Gr\u00e2ce \u00e0 son succ\u00e8s valid\u00e9 samedi soir face \u00e0 l\u2019Australie<br \/>\n(<a href=\"https:\/\/www.sports.fr\/rugby\/xv-de-france\/les-bleus-terminent-sur-une-bonne-note-australie-969192.html\" rel=\"nofollow noopener\" target=\"_blank\">48-33<\/a>),<br \/>\nle XV de France a un peu mieux termin\u00e9 sa tourn\u00e9e d\u2019automne qu\u2019il<br \/>\nne l\u2019avait d\u00e9but\u00e9e. Mais la d\u00e9faite initiale contre l\u2019Afrique du<br \/>\nSud (17-32) et la prestation victorieuse mais mitig\u00e9e d\u00e9fensivement<br \/>\nface aux Fidji (34-21) ne sont pas oubli\u00e9es. M\u00eame le succ\u00e8s contre<br \/>\nles Wallabies est \u00e0 temp\u00e9rer, comme l\u2019a analys\u00e9 Thomas Ramos,<br \/>\n<a href=\"https:\/\/www.sports.fr\/rugby\/xv-de-france\/xv-de-france-la-confirmation-tombe-pour-fabien-galthie-969200.html\" rel=\"nofollow noopener\" target=\"_blank\"><br \/>\ndans la lign\u00e9e de ce qu\u2019a pu dire Fabien Galthi\u00e9<\/a>.<\/p>\n<p>Juste apr\u00e8s la rencontre, l\u2019arri\u00e8re international a livr\u00e9 un<br \/>\npremier bilan des trois test-matchs. Et pour lui, la copie est en<br \/>\npartie \u00e0 revoir. \u00ab\u00a0\u00c7a fait toujours du bien de finir sur<br \/>\nune victoire, avec pas mal de points marqu\u00e9s. Mais si on prend un<br \/>\npeu de recul, on est forc\u00e9ment un peu d\u00e9\u00e7us de ce premier match et<br \/>\nde ces vingt derni\u00e8res minutes contre l\u2019Afrique du Sud.\u00a0\u00bb<br \/>\nAlors qu\u2019ils \u00e9taient en sup\u00e9riorit\u00e9 num\u00e9rique suite \u00e0 un carton<br \/>\njaune adverse, les Bleus avaient sombr\u00e9 et finalement perdu.<\/p>\n<blockquote class=\"twitter-tweet\"><p><a class=\"twitter-link\" rel=\"noindex, nofollow noopener\" href=\"https:\/\/twitter.com\/sports_fr\/status\/1992497940242268647\" target=\"_blank\"><\/p><\/blockquote>\n<p>Dans ses propos relay\u00e9s par RMC, le joueur du Stade Toulousain a<br \/>\npoursuivi son analyse. \u00ab\u00a0On sait ce qu\u2019il nous reste \u00e0<br \/>\nfaire pour essayer d\u2019arriver au niveau de cette \u00e9quipe-l\u00e0. Notre<br \/>\ndiscipline n\u2019a pas \u00e9t\u00e9 bonne durant la tourn\u00e9e. Ce sera un point<br \/>\nsur lequel il faudra travailler tr\u00e8s s\u00e9rieusement durant le Tournoi<br \/>\ndes VI Nations.\u00a0\u00bb Thomas Ramos a ainsi point\u00e9 du doigt<br \/>\nles trop nombreuses fautes tricolores et les errements d\u00e9fensifs<br \/>\nr\u00e9currents.<\/p>\n<p>Thomas Ramos et les axes d\u2019am\u00e9lioration<\/p>\n<p>\u00ab\u00a0On a pris beaucoup de points ce soir. Trente-trois.<br \/>\nPlus les trente-deux contre les Sud-africains. Il faudra retrouver<br \/>\nune meilleure d\u00e9fense si on veut exister dans le<br \/>\nTournoi.\u00a0\u00bb Beaucoup plus dans l\u2019autocritique que dans le<br \/>\nsatisfecit, Thomas Ramos a continu\u00e9 dans la m\u00eame veine.<br \/>\n\u00ab\u00a0Je pense qu\u2019on a donn\u00e9 des munitions trop faciles \u00e0<br \/>\nnotre adversaire. [\u2026] On avait mis un petit focus sur notre<br \/>\ndiscipline et en premi\u00e8re p\u00e9riode, elle n\u2019a pas \u00e9t\u00e9 bonne, pour ne<br \/>\npas dire autre chose.\u00a0\u00bb<\/p>\n<p>Il y a donc du travail pour le XV tricolore. Et il reprendra au<br \/>\nmois de f\u00e9vrier, \u00e0 l\u2019heure du d\u00e9but du Tournoi des VI Nations.<br \/>\nThomas Ramos a d\u00e9j\u00e0 les pistes d\u2019am\u00e9lioration \u00e0 creuser.<br \/>\n\u00ab\u00a0Il y a quatre ans, l\u2019\u00e9quipe \u00e9tait un peu plus s\u00e9rieuse,<br \/>\nnotamment (\u2026) la discipline. [\u2026] Un peu plus s\u00e9rieuse aussi dans le<br \/>\njeu offensif, dans le respect des cellules, des<br \/>\nlancements.\u00a0\u00bb<\/p>\n<p><script async src=\"https:\/\/platform.twitter.com\/widgets.js\" charset=\"utf-8\"><\/script><\/p>\n","protected":false},"excerpt":{"rendered":"Au terme de la tourn\u00e9e d&rsquo;automne du XV de France, Thomas Ramos a livr\u00e9 son analyse quant au&hellip;\n","protected":false},"author":2,"featured_media":553303,"comment_status":"","ping_status":"","sticky":false,"template":"","format":"standard","meta":{"footnotes":""},"categories":[1416],"tags":[1011,27,479,1468,60],"class_list":{"0":"post-553302","1":"post","2":"type-post","3":"status-publish","4":"format-standard","5":"has-post-thumbnail","7":"category-rugby","8":"tag-fr","9":"tag-france","10":"tag-rugby","11":"tag-rugby-football","12":"tag-sports"},"share_on_mastodon":{"url":"https:\/\/pubeurope.com\/@fr\/115598902628835642","error":""},"_links":{"self":[{"href":"https:\/\/www.europesays.com\/fr\/wp-json\/wp\/v2\/posts\/553302","targetHints":{"allow":["GET"]}}],"collection":[{"href":"https:\/\/www.europesays.com\/fr\/wp-json\/wp\/v2\/posts"}],"about":[{"href":"https:\/\/www.europesays.com\/fr\/wp-json\/wp\/v2\/types\/post"}],"author":[{"embeddable":true,"href":"https:\/\/www.europesays.com\/fr\/wp-json\/wp\/v2\/users\/2"}],"replies":[{"embeddable":true,"href":"https:\/\/www.europesays.com\/fr\/wp-json\/wp\/v2\/comments?post=553302"}],"version-history":[{"count":0,"href":"https:\/\/www.europesays.com\/fr\/wp-json\/wp\/v2\/posts\/553302\/revisions"}],"wp:featuredmedia":[{"embeddable":true,"href":"https:\/\/www.europesays.com\/fr\/wp-json\/wp\/v2\/media\/553303"}],"wp:attachment":[{"href":"https:\/\/www.europesays.com\/fr\/wp-json\/wp\/v2\/media?parent=553302"}],"wp:term":[{"taxonomy":"category","embeddable":true,"href":"https:\/\/www.europesays.com\/fr\/wp-json\/wp\/v2\/categories?post=553302"},{"taxonomy":"post_tag","embeddable":true,"href":"https:\/\/www.europesays.com\/fr\/wp-json\/wp\/v2\/tags?post=553302"}],"curies":[{"name":"wp","href":"https:\/\/api.w.org\/{rel}","templated":true}]}}