{"id":553304,"date":"2025-11-23T12:00:22","date_gmt":"2025-11-23T12:00:22","guid":{"rendered":"https:\/\/www.europesays.com\/fr\/553304\/"},"modified":"2025-11-23T12:00:22","modified_gmt":"2025-11-23T12:00:22","slug":"coupe-davis-espagne-italie-en-finale","status":"publish","type":"post","link":"https:\/\/www.europesays.com\/fr\/553304\/","title":{"rendered":"Coupe Davis : Espagne-Italie en finale"},"content":{"rendered":"<p data-testid=\"wcl-typoNewsPerex\" itemprop=\"description\">Six ans apr\u00e8s son sixi\u00e8me sacre en Coupe Davis, l&rsquo;Espagne est de retour en finale: la s\u00e9lection ib\u00e8re a \u00e9limin\u00e9 l&rsquo;Allemagne du n\u00b03 mondial Alexander Zverev samedi \u00e0 Bologne et d\u00e9fiera dimanche les doubles tenants du titre italiens pour le titre.<\/p>\n<p>Comme en quart de finale contre la R\u00e9publique tch\u00e8que (victoire 2-1), la qualification s&rsquo;est jou\u00e9e au double d\u00e9cisif, dans lequel <b><a href=\"https:\/\/www.flashscore.fr\/joueur\/granollers-marcel\/2B5Hvd1l\/\" data-analytics-element=\"ARTICLE_TEXT_LINK\" data-analytics-alias=\"internal\" rel=\"nofollow noopener\" target=\"_blank\">Marcel Granollers<\/a><\/b> et <b><a href=\"https:\/\/www.flashscore.fr\/joueur\/martinez-pedro\/WtiN88eD\/\" data-analytics-element=\"ARTICLE_TEXT_LINK\" data-analytics-alias=\"internal\" rel=\"nofollow noopener\" target=\"_blank\">Pedro Martinez<\/a> <\/b>ont domin\u00e9 <a href=\"https:\/\/www.flashscore.fr\/match\/tennis\/granollers-m-2B5Hvd1l\/martinez-p-WtiN88eD\/resume\/stats\/0\/?mid=dtySMiyI\" data-analytics-element=\"ARTICLE_TEXT_LINK\" data-analytics-alias=\"internal\" rel=\"nofollow noopener\" target=\"_blank\"><b>6-2, 3-6, 6-3<\/b><\/a>, les Allemands <b><a href=\"https:\/\/www.flashscore.fr\/joueur\/krawietz-kevin\/EwLaAdNP\/\" data-analytics-element=\"ARTICLE_TEXT_LINK\" data-analytics-alias=\"internal\" rel=\"nofollow noopener\" target=\"_blank\">Kevin Krawietz<\/a> <\/b>et <b><a href=\"https:\/\/www.flashscore.fr\/joueur\/puetz-tim\/CUhEqGYo\/\" data-analytics-element=\"ARTICLE_TEXT_LINK\" data-analytics-alias=\"internal\" rel=\"nofollow noopener\" target=\"_blank\">Tim Puetz<\/a><\/b>.<\/p>\n<p>Bien revenus dans le match apr\u00e8s avoir \u00e9t\u00e9 nettement domin\u00e9s dans la premi\u00e8re manche, les Allemands ont craqu\u00e9 en d\u00e9but de troisi\u00e8me set, conc\u00e9dant leur service \u00e0 2-1 sur un jeu blanc.<\/p>\n<p>Leur seule balle de d\u00e9break (\u00e0 5-3) a \u00e9t\u00e9 \u00e9cart\u00e9e par un ace de <b>Marcel Granollers<\/b> et la rencontre s&rsquo;est conclue deux points plus tard sur un smash de <b>Pedro Martinez<\/b>.<\/p>\n<p>\u00a0<\/p>\n<p><a href=\"https:\/\/www.flashscore.fr\/joueur\/zverev-alexander\/dGbUhw9m\/\" data-analytics-element=\"ARTICLE_TEXT_LINK\" data-analytics-alias=\"internal\" rel=\"nofollow noopener\" target=\"_blank\">Zverev<\/a> n&rsquo;aura pas suffi<\/p>\n<p><b><a href=\"https:\/\/www.flashscore.fr\/joueur\/carreno-busta-pablo\/W8WmcXdq\/\" data-analytics-element=\"ARTICLE_TEXT_LINK\" data-analytics-alias=\"internal\" rel=\"nofollow noopener\" target=\"_blank\">Pablo Carre\u00f1o Busta<\/a><\/b> (89e) avait montr\u00e9 la voie \u00e0 l&rsquo;<b><a href=\"https:\/\/www.flashscore.fr\/equipe\/espagne\/dIxGjfn9\/\" data-analytics-element=\"ARTICLE_TEXT_LINK\" data-analytics-alias=\"internal\" rel=\"nofollow noopener\" target=\"_blank\">Espagne<\/a><\/b> en battant\u00a0<a href=\"https:\/\/www.flashscore.fr\/match\/tennis\/carreno-busta-p-W8WmcXdq\/struff-j-l-Ek3bDDo2\/resume\/stats\/0\/?mid=fLIQTjVI\" data-analytics-element=\"ARTICLE_TEXT_LINK\" data-analytics-alias=\"internal\" rel=\"nofollow noopener\" target=\"_blank\"><b>6-4, 7-6 (6)<\/b><\/a> le n\u00b02 allemand <b><a href=\"https:\/\/www.flashscore.fr\/joueur\/struff-jan-lennard\/Ek3bDDo2\/\" data-analytics-element=\"ARTICLE_TEXT_LINK\" data-analytics-alias=\"internal\" rel=\"nofollow noopener\" target=\"_blank\">Jan-Lennard Struff<\/a><\/b> (84e) dans le premier simple de la journ\u00e9e.<\/p>\n<p><b>Alexander Zverev<\/b>, joueur le mieux class\u00e9 des huit \u00e9quipes qualifi\u00e9es pour la phase finale en l&rsquo;absence de l&rsquo;Espagnol <b><a href=\"https:\/\/www.flashscore.fr\/joueur\/alcaraz-garfia-carlos\/UkhgIFEq\/\" data-analytics-element=\"ARTICLE_TEXT_LINK\" data-analytics-alias=\"internal\" rel=\"nofollow noopener\" target=\"_blank\">Carlos Alcaraz<\/a><\/b> (1er) et de l&rsquo;Italien<b> <a href=\"https:\/\/www.flashscore.fr\/joueur\/sinner-jannik\/6HdC3z4H\/\" data-analytics-element=\"ARTICLE_TEXT_LINK\" data-analytics-alias=\"internal\" rel=\"nofollow noopener\" target=\"_blank\">Jannik Sinner<\/a><\/b> (2e), a ensuite remis les deux \u00e9quipes \u00e0 \u00e9galit\u00e9 en battant <a href=\"https:\/\/www.flashscore.fr\/match\/tennis\/munar-j-zZieQm4D\/zverev-a-dGbUhw9m\/resume\/stats\/0\/?mid=0EsJOD65\" data-analytics-element=\"ARTICLE_TEXT_LINK\" data-analytics-alias=\"internal\" rel=\"nofollow noopener\" target=\"_blank\"><b>7-6 (2), 7-6 (5)<\/b><\/a> le Majorquin <b><a href=\"https:\/\/www.flashscore.fr\/joueur\/munar-jaume\/zZieQm4D\/\" data-analytics-element=\"ARTICLE_TEXT_LINK\" data-analytics-alias=\"internal\" rel=\"nofollow noopener\" target=\"_blank\">Jaume Munar<\/a> <\/b>(36e).<\/p>\n<p>M\u00eame renforc\u00e9e par le n\u00b03 mondial, l&rsquo;<b><a href=\"https:\/\/www.flashscore.fr\/equipe\/allemagne\/tCoJgj4B\/\" data-analytics-element=\"ARTICLE_TEXT_LINK\" data-analytics-alias=\"internal\" rel=\"nofollow noopener\" target=\"_blank\">Allemagne<\/a><\/b> a \u00e9t\u00e9 \u00e9limin\u00e9e samedi pour la deuxi\u00e8me ann\u00e9e d&rsquo;affil\u00e9e dans le dernier carr\u00e9 de la Coupe Davis.<\/p>\n<p>En 2024, les triples vainqueurs de la comp\u00e9tition (1988, 1989, 1993) s&rsquo;\u00e9taient cass\u00e9 les dents sur les Pays-Bas en demi-finales \u00e0 Malaga, ville h\u00f4te de la phase finale pendant plusieurs ann\u00e9es avant qu&rsquo;elle ne d\u00e9m\u00e9nage \u00e0 Bologne en 2025.<\/p>\n<p>Les Espagnols viseront eux un septi\u00e8me titre dimanche, face \u00e0 un adversaire qu&rsquo;ils ont battu six fois en treize duels de Coupe Davis.<\/p>\n","protected":false},"excerpt":{"rendered":"Six ans apr\u00e8s son sixi\u00e8me sacre en Coupe Davis, l&rsquo;Espagne est de retour en finale: la s\u00e9lection ib\u00e8re&hellip;\n","protected":false},"author":2,"featured_media":553305,"comment_status":"","ping_status":"","sticky":false,"template":"","format":"standard","meta":{"footnotes":""},"categories":[1415],"tags":[1011,27,60,1467],"class_list":{"0":"post-553304","1":"post","2":"type-post","3":"status-publish","4":"format-standard","5":"has-post-thumbnail","7":"category-tennis","8":"tag-fr","9":"tag-france","10":"tag-sports","11":"tag-tennis"},"share_on_mastodon":{"url":"https:\/\/pubeurope.com\/@fr\/115598906038225164","error":""},"_links":{"self":[{"href":"https:\/\/www.europesays.com\/fr\/wp-json\/wp\/v2\/posts\/553304","targetHints":{"allow":["GET"]}}],"collection":[{"href":"https:\/\/www.europesays.com\/fr\/wp-json\/wp\/v2\/posts"}],"about":[{"href":"https:\/\/www.europesays.com\/fr\/wp-json\/wp\/v2\/types\/post"}],"author":[{"embeddable":true,"href":"https:\/\/www.europesays.com\/fr\/wp-json\/wp\/v2\/users\/2"}],"replies":[{"embeddable":true,"href":"https:\/\/www.europesays.com\/fr\/wp-json\/wp\/v2\/comments?post=553304"}],"version-history":[{"count":0,"href":"https:\/\/www.europesays.com\/fr\/wp-json\/wp\/v2\/posts\/553304\/revisions"}],"wp:featuredmedia":[{"embeddable":true,"href":"https:\/\/www.europesays.com\/fr\/wp-json\/wp\/v2\/media\/553305"}],"wp:attachment":[{"href":"https:\/\/www.europesays.com\/fr\/wp-json\/wp\/v2\/media?parent=553304"}],"wp:term":[{"taxonomy":"category","embeddable":true,"href":"https:\/\/www.europesays.com\/fr\/wp-json\/wp\/v2\/categories?post=553304"},{"taxonomy":"post_tag","embeddable":true,"href":"https:\/\/www.europesays.com\/fr\/wp-json\/wp\/v2\/tags?post=553304"}],"curies":[{"name":"wp","href":"https:\/\/api.w.org\/{rel}","templated":true}]}}